{"headers": {"id": "ID", "ano": "Ano", "numero": "N\u00famero", "tipo__sigla": "Tipo de Mat\u00e9ria Legislativa/Sigla", "tipo__descricao": "Tipo de Mat\u00e9ria Legislativa/Descri\u00e7\u00e3o", "autoria": "Autorias", "texto_original": "Texto Original", "ementa": "Ementa"}, "results": [{"id": "375", "ano": "2022", "numero": "2", "tipo__sigla": "Mo\u00e7\u00e3o", "tipo__descricao": "Mo\u00e7\u00e3o de Pesar", "autoria": "Geraldinho do Posto", "texto_original": "http://sapl.piedadedepontenova.mg.leg.br/media/", "ementa": "Homenagem P\u00f3stuma\r\n\r\nA C\u00e2mara Municipal de Piedade de Ponte Nova, Estado de Minas Gerais, vem por meio deste, manifestar o seu profundo pesar pela morte do Sr. Jos\u00e9 Osvaldo da Silva, conhecido popularmente como \u2018Osvaldo da Jacutinga\u2019."}, {"id": "380", "ano": "2022", "numero": "4", "tipo__sigla": "Mo\u00e7\u00e3o", "tipo__descricao": "Mo\u00e7\u00e3o de Pesar", "autoria": "Ireni", "texto_original": "http://sapl.piedadedepontenova.mg.leg.br/media/", "ementa": "Mo\u00e7\u00e3o de Pesar a Fam\u00edlia enlutada da Sra. Maria da Natividade Martins"}, {"id": "386", "ano": "2022", "numero": "5", "tipo__sigla": "Mo\u00e7\u00e3o", "tipo__descricao": "Mo\u00e7\u00e3o de Pesar", "autoria": "Elvis", "texto_original": "http://sapl.piedadedepontenova.mg.leg.br/media/sapl/public/materialegislativa/2022/386/mocao_de_pesar_no_005_-_autoria_elvis_luciano_batista_de_souza.docx", "ementa": "Mo\u00e7\u00e3o de Pesar n\u00ba 005/2022\r\nOs Vereadores, que a presente subscrevem, com assento nesta Egr\u00e9gia Casa de Leis, v\u00eam atrav\u00e9s desta, ap\u00f3s ouvido o Plen\u00e1rio, manifestar sua solidariedade e encaminhar a presente MO\u00c7\u00c3O DE PESAR \u00e0 Fam\u00edlia, pelo falecimento da  Sr\u00aa. MARIA APARECIDA DO APATROC\u00cdNIO, ocorrido em 09 de julho de 2022."}, {"id": "387", "ano": "2022", "numero": "6", "tipo__sigla": "Mo\u00e7\u00e3o", "tipo__descricao": "Mo\u00e7\u00e3o de Pesar", "autoria": "Nilton Rafael", "texto_original": "http://sapl.piedadedepontenova.mg.leg.br/media/", "ementa": "Mo\u00e7\u00e3o de Pesar n\u00ba 006/2022\r\nOs Vereadores, que a presente subscrevem, com assento nesta Egr\u00e9gia Casa de Leis, v\u00eam atrav\u00e9s desta, ap\u00f3s ouvido o Plen\u00e1rio, manifestar sua solidariedade e encaminhar a presente MO\u00c7\u00c3O DE PESAR \u00e0 Fam\u00edlia, pelo falecimento da  Sr\u00aa. FRANCISCA FERRAZ MARTINS, ocorrido em 15 de julho de 2022."}, {"id": "392", "ano": "2022", "numero": "7", "tipo__sigla": "Mo\u00e7\u00e3o", "tipo__descricao": "Mo\u00e7\u00e3o de Pesar", "autoria": "Renato de Jair, Carlinhos Motorista, Elvis, Flavio Magalh\u00e3es da Cruz, Geraldinho do Posto, Ireni, Nilton Rafael, Ricardo de Duduca, Tet\u00ea", "texto_original": "http://sapl.piedadedepontenova.mg.leg.br/media/sapl/public/materialegislativa/2022/392/renato-mocao_de_pesar-07_de_2022.pdf", "ementa": "Mo\u00e7\u00e3o de Pesar n\u00ba 007/2022\r\nOs Vereadores, que a presente subscrevem, com assento nesta Egr\u00e9gia Casa de Leis, v\u00eam atrav\u00e9s desta, ap\u00f3s ouvido o Plen\u00e1rio, manifestar sua solidariedade e encaminhar a presente MO\u00c7\u00c3O DE PESAR \u00e0 Fam\u00edlia, pelo falecimento do Sr. OTAC\u00cdLIO DAS GRA\u00c7AS VIEIRA, ocorrido em 22 de julho de 2022."}, {"id": "393", "ano": "2022", "numero": "8", "tipo__sigla": "Mo\u00e7\u00e3o", "tipo__descricao": "Mo\u00e7\u00e3o de Pesar", "autoria": "Elvis", "texto_original": "http://sapl.piedadedepontenova.mg.leg.br/media/sapl/public/materialegislativa/2022/393/mocao_de_pesar_no_008_-_familia_de_izany.docx", "ementa": "Mo\u00e7\u00e3o de Pesar n\u00ba 008/2022\r\nOs Vereadores, que a presente subscrevem, com assento nesta Egr\u00e9gia Casa de Leis, v\u00eam atrav\u00e9s desta, ap\u00f3s ouvido o Plen\u00e1rio, manifestar sua solidariedade e encaminhar a presente MO\u00c7\u00c3O DE PESAR \u00e0 Fam\u00edlia, pelo falecimento da  Sr\u00aa. IZANY HELENA DE SOUZA, ocorrido em 27 de julho de 2022."}, {"id": "397", "ano": "2022", "numero": "10", "tipo__sigla": "Mo\u00e7\u00e3o", "tipo__descricao": "Mo\u00e7\u00e3o de Pesar", "autoria": "Carlinhos Motorista, Elvis, Flavio Magalh\u00e3es da Cruz, Geraldinho do Posto, Ireni, Nilton Rafael, Renato de Jair, Ricardo de Duduca, Tet\u00ea", "texto_original": "http://sapl.piedadedepontenova.mg.leg.br/media/sapl/public/materialegislativa/2022/397/renato-mocao_de_pesar-10_de_2022.pdf", "ementa": "Mo\u00e7\u00e3o de Pesar n\u00ba 010/2022\r\nOs Vereadores, que a presente subscrevem, com assento nesta Egr\u00e9gia Casa de Leis, v\u00eam atrav\u00e9s desta, ap\u00f3s ouvido o Plen\u00e1rio, manifestar sua solidariedade e encaminhar a presente MO\u00c7\u00c3O DE PESAR \u00e0 Fam\u00edlia, pelo falecimento da  Sr\u00aa. ZILDA MARIA VENTURA PIOVEZANA, ocorrido em 01 de Setembro de 2022."}, {"id": "398", "ano": "2022", "numero": "11", "tipo__sigla": "Mo\u00e7\u00e3o", "tipo__descricao": "Mo\u00e7\u00e3o de Pesar", "autoria": "Ricardo de Duduca", "texto_original": "http://sapl.piedadedepontenova.mg.leg.br/media/sapl/public/materialegislativa/2022/398/mocao_de_pesar_no_011_-_saulo.docx", "ementa": "Mo\u00e7\u00e3o de Pesar n\u00ba 011/2022\r\nOs Vereadores, que a presente subscrevem, com assento nesta Egr\u00e9gia Casa de Leis, v\u00eam atrav\u00e9s desta, ap\u00f3s ouvido o Plen\u00e1rio, manifestar sua solidariedade e encaminhar a presente MO\u00c7\u00c3O DE PESAR \u00e0 Fam\u00edlia, pelo falecimento do  Sr. SAULO ALVIM LEITE, ocorrido em 03 de Setembro de 2022."}, {"id": "400", "ano": "2022", "numero": "12", "tipo__sigla": "Mo\u00e7\u00e3o", "tipo__descricao": "Mo\u00e7\u00e3o de Pesar", "autoria": "Ireni", "texto_original": "http://sapl.piedadedepontenova.mg.leg.br/media/sapl/public/materialegislativa/2022/400/mocao_de_pesar_no_012_-_sander.docx", "ementa": "Mo\u00e7\u00e3o de Pesar n\u00ba 012/2022\r\nOs Vereadores, que a presente subscrevem, com assento nesta Egr\u00e9gia Casa de Leis, v\u00eam atrav\u00e9s desta, ap\u00f3s ouvido o Plen\u00e1rio, manifestar sua solidariedade e encaminhar a presente MO\u00c7\u00c3O DE PESAR \u00e0 Fam\u00edlia, pelo falecimento do  Sr. SANDER DE SOUZA MARTINS, ocorrido em 19 de Setembro de 2022."}, {"id": "401", "ano": "2022", "numero": "13", "tipo__sigla": "Mo\u00e7\u00e3o", "tipo__descricao": "Mo\u00e7\u00e3o de Pesar", "autoria": "Ireni", "texto_original": "http://sapl.piedadedepontenova.mg.leg.br/media/sapl/public/materialegislativa/2022/401/mocao_de_pesar_no_013_-_rodrigo.docx", "ementa": "Mo\u00e7\u00e3o de Pesar n\u00ba 013/2021\r\nOs Vereadores, que a presente subscrevem, com assento nesta Egr\u00e9gia Casa de Leis, v\u00eam atrav\u00e9s desta, ap\u00f3s ouvido o Plen\u00e1rio, manifestar sua solidariedade e encaminhar a presente MO\u00c7\u00c3O DE PESAR \u00e0 Fam\u00edlia, pelo falecimento do  Sr. \tRODRIGO VIANA RABELLO  ocorrido em 13 de Setembro de 2021."}]}