{"headers": {"id": "ID", "ano": "Ano", "numero": "N\u00famero", "tipo__sigla": "Tipo de Mat\u00e9ria Legislativa/Sigla", "tipo__descricao": "Tipo de Mat\u00e9ria Legislativa/Descri\u00e7\u00e3o", "autoria": "Autorias", "texto_original": "Texto Original", "ementa": "Ementa"}, "results": [{"id": "122", "ano": "2019", "numero": "1", "tipo__sigla": "EMEN", "tipo__descricao": "Emenda a Projetos de Leis", "autoria": "Gilberto Enfermeiro", "texto_original": "http://sapl.piedadedepontenova.mg.leg.br/media/sapl/public/materialegislativa/2019/122/emenda_pl_subvencoes.doc", "ementa": "EMENDA ADITIVA N\u00ba 001 AO PROJETO DE LEI N\u00ba 003/2019\r\n\r\n\r\n\t\tO art. 1\u00ba do Projeto de Lei n\u00ba 003/2019 passa a vigorar acrescido do seguinte par\u00e1grafo:\r\n\r\n\u201c\u00a7Par\u00e1grafo \u00fanico \u2013 As subven\u00e7\u00f5es e contribui\u00e7\u00f5es previstas nesta Lei ser\u00e3o transferidas na forma da Lei Federal n\u00ba 13.109/2014.\r\n\r\n\t\tO art. 6\u00ba do Projeto de Lei n\u00ba 003/2019 passa a vigorar acrescido do seguinte par\u00e1grafo:\r\n\r\n\u201c\u00a7 3\u00ba Os benef\u00edcios e aux\u00edlios previstos neste artigo somente ser\u00e3o disponibilizados mediante lei regulamentadora dos benef\u00edcios eventuais que garanta a participa\u00e7\u00e3o da sociedade civil no controle social, nos termos do art. 22 da Lei Federal n\u00ba 8.742/93.\r\n\r\n\r\n\t\tPiedade de Ponte Nova, 12 de mar\u00e7o de 2019.\r\n\r\n\r\n\r\n\r\nVereador Gilberto Paranhos Soares\r\nPresidente\r\n\r\n\r\nJUSTIFICATIVA:\r\n\r\n\t\tA presente emenda visa adequar o Projeto de Lei \u00e0 Lei Federal n\u00ba ____, bem como garantir a participa\u00e7\u00e3o da sociedade na distribui\u00e7\u00e3o e fiscaliza\u00e7\u00e3o dos benef\u00edcios, democratizando o acesso dos menos favorecidos a tais bens e servi\u00e7os."}, {"id": "110", "ano": "2019", "numero": "9", "tipo__sigla": "Leg", "tipo__descricao": "Legislativa", "autoria": "Prefeito Municipal", "texto_original": "http://sapl.piedadedepontenova.mg.leg.br/media/sapl/public/materialegislativa/2019/110/projeto_de_lei_no_006_2019__declara_utilidade_pu_AN6A9gT.doc", "ementa": "Projeto de Lei n\u00ba 004 de 25 de fevereiro de 2019\r\nRenumerado para Projeto de Lei n\u00ba 006/2019\r\n\r\nDisp\u00f5e sobre declara\u00e7\u00e3o de utilidade p\u00fablica e interesse social de loteamento que especifica."}, {"id": "128", "ano": "2019", "numero": "11", "tipo__sigla": "Leg", "tipo__descricao": "Legislativa", "autoria": "Prefeito Municipal", "texto_original": "http://sapl.piedadedepontenova.mg.leg.br/media/sapl/public/materialegislativa/2019/128/projeto_de_lei_072019_-_subsidio_dos__agentes_de_saude.docx", "ementa": "Projeto de Lei Complementar n\u00ba 07/2019\r\n\r\nDisp\u00f5e sobre fixa\u00e7\u00e3o de piso municipal que especifica e d\u00e1 outras provid\u00eancias."}, {"id": "180", "ano": "2019", "numero": "17", "tipo__sigla": "Leg", "tipo__descricao": "Legislativa", "autoria": "Prefeito Municipal", "texto_original": "http://sapl.piedadedepontenova.mg.leg.br/media/sapl/public/materialegislativa/2019/180/projeto_de_lei_complementar_047__piso_salarial_d_hromCvC.doc", "ementa": "Projeto de Lei Complementar n\u00ba 047 de 17 de junho de 2019\r\n\r\nRegulamenta, no \u00e2mbito do Munic\u00edpio de Piedade de Ponte Nova, o piso salarial para os profissionais do magist\u00e9rio p\u00fablico da educa\u00e7\u00e3o b\u00e1sica previsto na al\u00ednea 'e' do inciso III do caput do art. 60 do Ato das Disposi\u00e7\u00f5es Constitucionais Transit\u00f3rias, e d\u00e1 outras provid\u00eancias."}, {"id": "185", "ano": "2019", "numero": "20", "tipo__sigla": "Leg", "tipo__descricao": "Legislativa", "autoria": "Jo\u00e3ozinho de Jo\u00e3o de Zita", "texto_original": "http://sapl.piedadedepontenova.mg.leg.br/media/sapl/public/materialegislativa/2019/185/projeto_de_lei_ordinaria_no_013_-_combate_a_dengue.doc", "ementa": "PROJETO DE LEI n\u00ba 013/2019 - Disp\u00f5e sobre a cria\u00e7\u00e3o da pol\u00edtica municipal de combate \u00e0 dengue, a chikungunya e a zika.Autoria Vereador Municipal Jo\u00e3o Carlos Silveira Pereira \u2013 Encaminhada a Comiss\u00e3o de Finan\u00e7as, Justi\u00e7a e Legisla\u00e7\u00e3o."}, {"id": "199", "ano": "2019", "numero": "31", "tipo__sigla": "Leg", "tipo__descricao": "Legislativa", "autoria": "Prefeito Municipal", "texto_original": "http://sapl.piedadedepontenova.mg.leg.br/media/sapl/public/materialegislativa/2019/199/projeto_de_lei_no_017_de_2019.doc", "ementa": "Projeto de Lei n\u00ba 017 de 14 de outubro de 2019\r\n\r\nDisp\u00f5e sobre a pol\u00edtica municipal de habita\u00e7\u00e3o e d\u00e1 outras provid\u00eancias"}, {"id": "197", "ano": "2019", "numero": "1", "tipo__sigla": "RESOL", "tipo__descricao": "Projeto de Resolu\u00e7\u00e3o", "autoria": "Toninho Brum", "texto_original": "http://sapl.piedadedepontenova.mg.leg.br/media/", "ementa": "PROJETO DE RESOLU\u00c7\u00c3O N\u00ba 001/2019\r\nAcrescenta o \u00a7 2\u00ba ao art. 181 do Regimento Interno da C\u00e2mara Municipal e d\u00e1 outras provid\u00eancias."}]}