{"headers": {"id": "ID", "ano": "Ano", "numero": "N\u00famero", "tipo__sigla": "Tipo de Mat\u00e9ria Legislativa/Sigla", "tipo__descricao": "Tipo de Mat\u00e9ria Legislativa/Descri\u00e7\u00e3o", "autoria": "Autorias", "texto_original": "Texto Original", "ementa": "Ementa"}, "results": [{"id": "46", "ano": "2018", "numero": "5", "tipo__sigla": "Adm", "tipo__descricao": "Administrativa", "autoria": "Elvis", "texto_original": "http://sapl.piedadedepontenova.mg.leg.br/media/sapl/public/materialegislativa/2018/46/mo-o-de-pesar-n-001.doc", "ementa": "Mo\u00e7\u00e3o de Pesar n\u00ba 001/2018\r\nOs Vereadores, que a presente subscrevem, com assento nesta Egr\u00e9gia Casa de Leis, v\u00eam atrav\u00e9s desta, ap\u00f3s ouvido o Plen\u00e1rio, manifestar sua solidariedade e encaminhar a presente MO\u00c7\u00c3O DE PESAR \u00e0 Fam\u00edlia  Conegundes pelo falecimento da Sr\u00aa  Maria Cust\u00f3dia Conegundes, ocorrido no dia 25 de fevereiro de 2018."}, {"id": "47", "ano": "2018", "numero": "6", "tipo__sigla": "Adm", "tipo__descricao": "Administrativa", "autoria": "Elvis", "texto_original": "http://sapl.piedadedepontenova.mg.leg.br/media/sapl/public/materialegislativa/2018/47/mo-o-de-pesares-002.doc", "ementa": "Mo\u00e7\u00e3o de Pesar n\u00ba 002/2018\r\nOs Vereadores, que a presente subscrevem, com assento nesta Egr\u00e9gia Casa de Leis, v\u00eam atrav\u00e9s desta, ap\u00f3s ouvido o Plen\u00e1rio, manifestar sua solidariedade e encaminhar a presente MO\u00c7\u00c3O DE PESAR \u00e0 Fam\u00edlia  Ventura Gon\u00e7alves, pelo falecimento da Sr\u00aa Edith Ventura Gon\u00e7alves, ocorrido no dia 28 de fevereiro de 2018."}, {"id": "51", "ano": "2018", "numero": "7", "tipo__sigla": "Adm", "tipo__descricao": "Administrativa", "autoria": "Jo\u00e3ozinho de Jo\u00e3o de Zita, Geraldinho do Posto", "texto_original": "http://sapl.piedadedepontenova.mg.leg.br/media/sapl/public/materialegislativa/2018/51/mocao_de_pesar_no_003.doc", "ementa": "Mo\u00e7\u00e3o de Pesar n\u00ba 003/2018\r\nOs Vereadores, que a presente subscrevem, com assento nesta Egr\u00e9gia Casa de Leis, v\u00eam atrav\u00e9s desta, ap\u00f3s ouvido o Plen\u00e1rio, manifestar sua solidariedade e encaminhar a presente MO\u00c7\u00c3O DE PESAR \u00e0 Fam\u00edlia  Soares Gomes, pelo falecimento do Sargento Almindo Soares Gomes, conhecido carinhosamente como \u201cDoca\u201d, ocorrido no dia 23 de abril de 2018."}, {"id": "59", "ano": "2018", "numero": "14", "tipo__sigla": "Adm", "tipo__descricao": "Administrativa", "autoria": "Elvis", "texto_original": "http://sapl.piedadedepontenova.mg.leg.br/media/sapl/public/materialegislativa/2018/59/mocao_de_pesar_no_004.doc", "ementa": "Mo\u00e7\u00e3o de Pesar n\u00ba 004/2018\r\nA fam\u00edlia enlutada de Mari\u00e2ngela Soares Brum"}, {"id": "72", "ano": "2018", "numero": "20", "tipo__sigla": "Adm", "tipo__descricao": "Administrativa", "autoria": "Elvis", "texto_original": "http://sapl.piedadedepontenova.mg.leg.br/media/sapl/public/materialegislativa/2018/72/mocao_de_pesar_no_005.doc", "ementa": "Mo\u00e7\u00e3o de Pesar n\u00ba 005/2018\r\nMo\u00e7\u00e3o de Pesar n\u00ba 007/2018\r\nOs Vereadores, que a presente subscrevem, com assento nesta Egr\u00e9gia Casa de Leis, v\u00eam atrav\u00e9s desta, ap\u00f3s ouvido o Plen\u00e1rio, manifestar sua solidariedade e encaminhar a presente MO\u00c7\u00c3O DE PESAR \u00e0 Fam\u00edlia Tomaz, pelo falecimento do Sr. Protino Ant\u00f4nio Tomaz, conhecido carinhosamente como \u201cSr. Protino\u201d, ocorrido no dia 30 de maio de 2018."}, {"id": "73", "ano": "2018", "numero": "21", "tipo__sigla": "Adm", "tipo__descricao": "Administrativa", "autoria": "Jo\u00e3ozinho de Jo\u00e3o de Zita", "texto_original": "http://sapl.piedadedepontenova.mg.leg.br/media/sapl/public/materialegislativa/2018/73/mocao_de_pesar_no_006_-_joao_carlos.doc", "ementa": "Mo\u00e7\u00e3o de Pesar n\u00ba 007/2018\r\nOs Vereadores, que a presente subscrevem, com assento nesta Egr\u00e9gia Casa de Leis, v\u00eam atrav\u00e9s desta, ap\u00f3s ouvido o Plen\u00e1rio, manifestar sua solidariedade e encaminhar a presente MO\u00c7\u00c3O DE PESAR \u00e0 Fam\u00edlia Matos, pelo falecimento da Sr\u00aa L\u00facia Helena de Matos, conhecida carinhosamente como \u201cLucinha\u201d, ocorrido no dia 08 de junho de 2018"}, {"id": "74", "ano": "2018", "numero": "22", "tipo__sigla": "Adm", "tipo__descricao": "Administrativa", "autoria": "Jo\u00e3ozinho de Jo\u00e3o de Zita", "texto_original": "http://sapl.piedadedepontenova.mg.leg.br/media/sapl/public/materialegislativa/2018/74/mocao_de_pesar_no_007_-_joao_carlos.doc", "ementa": "Mo\u00e7\u00e3o de Pesar n\u00ba 007/2018\r\nOs Vereadores, que a presente subscrevem, com assento nesta Egr\u00e9gia Casa de Leis, v\u00eam atrav\u00e9s desta, ap\u00f3s ouvido o Plen\u00e1rio, manifestar sua solidariedade e encaminhar a presente MO\u00c7\u00c3O DE PESAR \u00e0 Fam\u00edlia Ventura, pelo falecimento do Sr. Jurandir Ventura Gon\u00e7alves, conhecido carinhosamente como \u201cJurandir Leiteiro\u201d, ocorrido no dia 08 de junho de 2018."}, {"id": "85", "ano": "2018", "numero": "26", "tipo__sigla": "Adm", "tipo__descricao": "Administrativa", "autoria": "Toninho Brum", "texto_original": "http://sapl.piedadedepontenova.mg.leg.br/media/sapl/public/materialegislativa/2018/85/mocao_de_pesar_no_008_claudio_zinato.doc", "ementa": "Mo\u00e7\u00e3o de Pesar n\u00ba 008/2018\r\nOs Vereadores, que a presente subscrevem, com assento nesta Egr\u00e9gia Casa de Leis, v\u00eam atrav\u00e9s desta, ap\u00f3s ouvido o Plen\u00e1rio, manifestar sua solidariedade e encaminhar a presente MO\u00c7\u00c3O DE PESAR \u00e0 Fam\u00edlia Zinato, pelo falecimento do Sr. Cl\u00e1udio Zinato,  ocorrido em 15 de  outubro de 2018."}, {"id": "86", "ano": "2018", "numero": "27", "tipo__sigla": "Adm", "tipo__descricao": "Administrativa", "autoria": "Elvis", "texto_original": "http://sapl.piedadedepontenova.mg.leg.br/media/sapl/public/materialegislativa/2018/86/mocao_de_pesar_no_009_joao_batista_leite.doc", "ementa": "Mo\u00e7\u00e3o de Pesar n\u00ba 009/2018\r\nOs Vereadores, que a presente subscrevem, com assento nesta Egr\u00e9gia Casa de Leis, v\u00eam atrav\u00e9s desta, ap\u00f3s ouvido o Plen\u00e1rio, manifestar sua solidariedade e encaminhar a presente MO\u00c7\u00c3O DE PESAR \u00e0 Fam\u00edlia Batista Leite, pelo falecimento do Sr.  Jo\u00e3o Batista Leite,  ocorrido em outubro de 2018."}, {"id": "95", "ano": "2018", "numero": "47", "tipo__sigla": "Leg", "tipo__descricao": "Legislativa", "autoria": "Flavio Magalh\u00e3es da Cruz", "texto_original": "http://sapl.piedadedepontenova.mg.leg.br/media/", "ementa": "Mo\u00e7\u00e3o de Pesar n\u00ba 010/2018\r\nOs Vereadores, que a presente subscrevem, com assento nesta Egr\u00e9gia Casa de Leis, v\u00eam atrav\u00e9s desta, ap\u00f3s ouvido o Plen\u00e1rio, manifestar sua solidariedade e encaminhar a presente MO\u00c7\u00c3O DE PESAR \u00e0 Fam\u00edlia , pelo falecimento do Sr.  Marcinho de Odete,  ocorrido em Dezembro de 2018."}]}