{"id":73,"__str__":"Requerimento n\u00ba 7, de 18 de mar\u00e7o de 2019","link_detail_backend":"/norma/73","metadata":{},"texto_integral":"http://sapl.piedadedepontenova.mg.leg.br/media/sapl/public/normajuridica/2019/73/requerimento_no_007_-_deermg.doc","numero":"7","ano":2019,"esfera_federacao":"M","data":"2019-03-18","data_publicacao":"2019-03-20","veiculo_publicacao":"Quadro de Avisos","pagina_inicio_publicacao":1,"pagina_fim_publicacao":1,"ementa":"REQUERIMENTO N\u00ba 007/2019\r\n\r\n\r\nPiedade de Ponte Nova, 12 de Mar\u00e7o de 2019\r\n\r\nAo \r\nExm\u00ba Sr.Gilberto Paranhos Soares\r\nPresidente da C\u00e2mara Municipal de Piedade de Ponte Nova\r\nNesta\r\n\r\n\t\r\nDepois de ouvida a Casa, n\u00f3s os Vereadores abaixo assinados, nos termos do art. 63 da Lei Org\u00e2nica Municipal, solicitamos que seja encaminhado ao DEER/MG seguinte:\r\n\r\nRequeremos que o DEERMG providencie medidas urgentes para poda ou corte (se for necess\u00e1rio) de \u00e1rvores que encontram-se impedindo o tr\u00e2nsito no trecho da estrada Trevo \u2013 Piedade de Ponte Nova, pr\u00f3xima ao local conhecido como \u2018Santinha\u2019.\r\n\r\n\r\nJUSTIFICATIVA\r\n\r\n\t       Eu, Vereador Osmar Firmino, tendo constatado que no trecho da estrada asfaltada entre o Trevo de Piedade de Ponte Nova e a cidade, no local chamado de \u2018Santinha\u2019, onde localiza uma pequena capela, existem muitas \u00e1rvores j\u00e1 em estado prec\u00e1rio que est\u00e3o atrapalhando o tr\u00e2nsito, principalmente de \u00f4nibus e caminh\u00f5es pesados, sendo necess\u00e1ria uma atividade de poda, ou se for o caso at\u00e9 de corte, pois as mesmas podem estar j\u00e1 apodrecidas.\r\n\r\n      Sendo o trecho da estrada asfaltada de responsabilidade do DEER/MG, que sempre tem atendido as nossas solicita\u00e7\u00f5es de forma respeitosa e eficaz, solicito que seja aprovado o presente requerimento e encaminhado com urg\u00eancia, pois as medidas s\u00e3o de car\u00e1ter urgente.\r\n\r\n\t    Certos da aten\u00e7\u00e3o dos nobres edis e do Chefe do Poder Executivo, reitero protestos de estima e considera\u00e7\u00e3o.\r\n\r\nVereador  Municipal : Vereador Osmar Firmino","indexacao":"DEERMG poda de \u00e1rvores","observacao":"","complemento":false,"data_vigencia":null,"timestamp":"2019-03-29T13:35:36.554102-03:00","data_ultima_atualizacao":"2019-03-29T13:35:36.644561-03:00","ip":"","ultima_edicao":null,"tipo":5,"materia":123,"orgao":null,"user":null,"assuntos":[],"autores":[10]}