{"id":148,"__str__":"Requerimento n\u00ba 2, de 18 de fevereiro de 2020","link_detail_backend":"/norma/148","metadata":{},"texto_integral":"http://sapl.piedadedepontenova.mg.leg.br/media/sapl/public/normajuridica/2020/148/requerimento_no_002__2020__aprovado.doc","numero":"2","ano":2020,"esfera_federacao":"M","data":"2020-02-18","data_publicacao":"2020-03-04","veiculo_publicacao":"Quadro de Avisos","pagina_inicio_publicacao":null,"pagina_fim_publicacao":null,"ementa":"REQUERIMENTO N\u00ba002/2020\r\n\r\n\r\n\t\tA  Vereadora  ao final assinada requer, com a aprova\u00e7\u00e3o do Plen\u00e1rio da C\u00e2mara Municipal, com fundamento nos arts. 63 e 95, XXV, da Lei Org\u00e2nica Municipal, bem como no art. 10 da Lei Federal n\u00ba 12.527/11, as seguintes informa\u00e7\u00f5es e documentos:\r\n\r\na)\tInforma\u00e7\u00f5es escritas sobre a  amplia\u00e7\u00e3o imediata de vagas no Centro Municipal de Educa\u00e7\u00e3o Infantil ou antiga creche municipal tendo em vista a necessidade de atendimento a v\u00e1rias crian\u00e7as que ainda n\u00e3o s\u00e3o atendidas no munic\u00edpio. \r\nb)\tCumprimento das metas do Plano Decenal de Educa\u00e7\u00e3o no que se refere ao item Educa\u00e7\u00e3o Infantil.\r\n\r\n\t\tFica o Sr. Prefeito Municipal advertido que a omiss\u00e3o da resposta tipifica infra\u00e7\u00e3o pol\u00edtico-administrativa prevista no art. 4\u00ba, III, do Decreto-Lei n\u00ba 201/67.\r\n\r\n\t\tPiedade de Ponte Nova, 18 de fevereiro\r\n\r\nVereadora Ireni Gessi de Souza Martins","indexacao":"Plano Decenal de Educa\u00e7\u00e3o vagas ensino infantil","observacao":"","complemento":false,"data_vigencia":null,"timestamp":"2020-03-04T10:23:15.905858-03:00","data_ultima_atualizacao":"2020-03-04T10:23:16.044498-03:00","ip":"170.83.68.100","ultima_edicao":"2020-03-04T10:22:10.565503-03:00","tipo":5,"materia":222,"orgao":null,"user":1,"assuntos":[],"autores":[9]}