{"id":1425,"__str__":"Mo\u00e7\u00e3o de Aplauso/Congratula\u00e7\u00f5es-GAB n\u00ba 2, de 02 de junho de 2025","link_detail_backend":"/norma/1425","metadata":{},"texto_integral":"http://sapl.piedadedepontenova.mg.leg.br/media/sapl/public/normajuridica/2025/1425/mocao_de_congratulacao_002.pdf","numero":"2","ano":2025,"esfera_federacao":"M","data":"2025-06-02","data_publicacao":null,"veiculo_publicacao":"","pagina_inicio_publicacao":null,"pagina_fim_publicacao":null,"ementa":"Mo\u00e7\u00e3o de Congratula\u00e7\u00e3o n\u00ba002/2025\r\nAutora: Vereadora Lucimeire de Souza Boroni Mayrink\r\nAssunto: Mo\u00e7\u00e3o de Congratula\u00e7\u00e3o pelos 90 anos de vida de Maria Madalena Tiburcio Palmioli Vieira\r\nA vereadora que esta subscreve, no uso de suas atribui\u00e7\u00f5es legais e regimentais, vem, respeitosamente, apresentar \u00e0 aprecia\u00e7\u00e3o do Plen\u00e1rio a presente:","indexacao":"Mo\u00e7\u00e3o de Congratula\u00e7\u00e3o n\u00ba 002/2025\r\nAutora: Vereadora Lucimeire de Souza Boroni Mayrink\r\nAssunto: Mo\u00e7\u00e3o de Congratula\u00e7\u00e3o pelos 90 anos de vida de Maria Madalena Tiburcio Palmioli Vieira\r\nA vereadora que esta subscreve, no uso de suas atribui\u00e7\u00f5es legais e regimentais, vem, respeitosamente, apresentar \u00e0 aprecia\u00e7\u00e3o do Plen\u00e1rio a presente:","observacao":"","complemento":false,"data_vigencia":null,"timestamp":"2025-06-11T14:06:57.847493-03:00","data_ultima_atualizacao":"2025-06-11T14:06:57.945478-03:00","ip":"143.202.52.96","ultima_edicao":"2025-06-11T14:05:43.315354-03:00","tipo":12,"materia":606,"orgao":1,"user":1,"assuntos":[],"autores":[]}