{"id":1417,"__str__":"Indica\u00e7\u00e3o-GAB n\u00ba 54, de 19 de maio de 2025","link_detail_backend":"/norma/1417","metadata":{},"texto_integral":"http://sapl.piedadedepontenova.mg.leg.br/media/sapl/public/normajuridica/2025/1417/indicacao_54.pdf","numero":"54","ano":2025,"esfera_federacao":"M","data":"2025-05-19","data_publicacao":"2025-05-19","veiculo_publicacao":"","pagina_inicio_publicacao":null,"pagina_fim_publicacao":null,"ementa":"INDICA\u00c7\u00c3O N\u00ba 54/2025\r\nAutora: Vereadora Lucimeire de Souza Boroni Mayrink\r\nA Vereadora que esta subscreve, no uso de suas atribui\u00e7\u00f5es legais e regimentais, indica ao Excelent\u00edssimo Senhor Prefeito Municipal de Piedade de Ponte Nova \u2013 MG, que seja providenciada a instala\u00e7\u00e3o de linhas telef\u00f4nicas fixas nos pr\u00e9dios p\u00fablicos municipais vinculados \u00e0 presta\u00e7\u00e3o de servi\u00e7os essenciais, tais como a Policl\u00ednica, Secretaria Municipal de Sa\u00fade, Unidades B\u00e1sicas de Sa\u00fade (UBS), Programas de Sa\u00fade da Fam\u00edlia (PSFs), Centro de Refer\u00eancia de Assist\u00eancia Social (CRAS),Creche, N\u00facleo Escolar, Secretaria da Educa\u00e7\u00e3o entre outros setores diretamente ligados ao atendimento da popula\u00e7\u00e3o.","indexacao":"INDICA\u00c7\u00c3O N\u00ba 54/2025\r\nAutora: Vereadora Lucimeire de Souza Boroni Mayrink\r\nA Vereadora que esta subscreve, no uso de suas atribui\u00e7\u00f5es legais e regimentais, indica ao Excelent\u00edssimo Senhor Prefeito Municipal de Piedade de Ponte Nova \u2013 MG, que seja providenciada a instala\u00e7\u00e3o de linhas telef\u00f4nicas fixas nos pr\u00e9dios p\u00fablicos municipais vinculados \u00e0 presta\u00e7\u00e3o de servi\u00e7os essenciais, tais como a Policl\u00ednica, Secretaria Municipal de Sa\u00fade, Unidades B\u00e1sicas de Sa\u00fade (UBS), Programas de Sa\u00fade da Fam\u00edlia (PSFs), Centro de Refer\u00eancia de Assist\u00eancia Social (CRAS),Creche, N\u00facleo Escolar, Secretaria da Educa\u00e7\u00e3o entre outros setores diretamente ligados ao atendimento da popula\u00e7\u00e3o.","observacao":"","complemento":false,"data_vigencia":null,"timestamp":"2025-05-22T14:02:04.324295-03:00","data_ultima_atualizacao":"2025-05-22T14:02:04.495794-03:00","ip":"143.202.54.174","ultima_edicao":"2025-05-22T14:01:24.727688-03:00","tipo":6,"materia":595,"orgao":1,"user":1,"assuntos":[],"autores":[]}