{"id":1381,"__str__":"Indica\u00e7\u00e3o-GAB n\u00ba 27, de 07 de abril de 2025","link_detail_backend":"/norma/1381","metadata":{},"texto_integral":"http://sapl.piedadedepontenova.mg.leg.br/media/sapl/public/normajuridica/2025/1381/indicacao27.pdf","numero":"27","ano":2025,"esfera_federacao":"M","data":"2025-04-07","data_publicacao":"2025-04-07","veiculo_publicacao":"","pagina_inicio_publicacao":null,"pagina_fim_publicacao":null,"ementa":"INDICA\u00c7\u00c3O N\u00ba  27/2025\r\nAutora: Vereadora Municipal Lucimeire de Souza Boroni Mayrink\r\nAssunto: Solicita reforma e manuten\u00e7\u00e3o do guarda-corpo na Rua Carlos Pinto Vieira, altura do n\u00ba 339, desta cidade.\r\n        A vereadora que esta subscreve, no uso de suas atribui\u00e7\u00f5es legais e regimentais, com  fundamento  no Regimento Interno desta Casa Legislativa, apresenta ao Plen\u00e1rio a seguinte:\r\n\r\nINDICA\u00c7\u00c3O\r\n       Indico ao Excelent\u00edssimo Senhor Prefeito Municipal de Piedade de Ponte Nova \u2013 MG, que determine ao setor competente da Prefeitura a realiza\u00e7\u00e3o de reforma e manuten\u00e7\u00e3o do guarda-corpo localizado na Rua Carlos Pinto Vieira, na altura do n\u00famero 339, visando garantir a seguran\u00e7a dos moradores e transeuntes da localidade.","indexacao":"INDICA\u00c7\u00c3O N\u00ba  27/2025\r\nAutora: Vereadora Municipal Lucimeire de Souza Boroni Mayrink\r\nAssunto: Solicita reforma e manuten\u00e7\u00e3o do guarda-corpo na Rua Carlos Pinto Vieira, altura do n\u00ba 339, desta cidade.\r\n        A vereadora que esta subscreve, no uso de suas atribui\u00e7\u00f5es legais e regimentais, com  fundamento  no Regimento Interno desta Casa Legislativa, apresenta ao Plen\u00e1rio a seguinte:\r\n\r\nINDICA\u00c7\u00c3O\r\n       Indico ao Excelent\u00edssimo Senhor Prefeito Municipal de Piedade de Ponte Nova \u2013 MG, que determine ao setor competente da Prefeitura a realiza\u00e7\u00e3o de reforma e manuten\u00e7\u00e3o do guarda-corpo localizado na Rua Carlos Pinto Vieira, na altura do n\u00famero 339, visando garantir a seguran\u00e7a dos moradores e transeuntes da localidade.","observacao":"","complemento":false,"data_vigencia":null,"timestamp":"2025-04-25T13:33:47.393179-03:00","data_ultima_atualizacao":"2025-04-25T13:33:47.723281-03:00","ip":"143.202.55.69","ultima_edicao":"2025-04-25T13:13:39.753875-03:00","tipo":6,"materia":552,"orgao":1,"user":1,"assuntos":[],"autores":[]}