{"id":1348,"__str__":"Indica\u00e7\u00e3o-GAB n\u00ba 7, de 06 de fevereiro de 2025","link_detail_backend":"/norma/1348","metadata":{},"texto_integral":"http://sapl.piedadedepontenova.mg.leg.br/media/sapl/public/normajuridica/2025/1348/indicacao_07.pdf","numero":"7","ano":2025,"esfera_federacao":"M","data":"2025-02-06","data_publicacao":"2025-02-06","veiculo_publicacao":"Quadro de Avisos","pagina_inicio_publicacao":null,"pagina_fim_publicacao":null,"ementa":"Indica\u00e7\u00e3o n\u00ba 07/2025\r\nO Vereador Municipal Rodrigo Cristino da Silva, ao final assinado, requer, no uso de suas atribui\u00e7\u00f5es legais, com fulcro nos arts. 181 e 182, ambos do regimento interno, e em conformidade com os interesses da comunidade, o envio da presente INDICA\u00c7\u00c3O ao Sr. Prefeito Municipal: \r\n\r\nIndica ao Poder Executivo Municipal a constru\u00e7\u00e3o de uma pra\u00e7a p\u00fablica, com uma \u00e1rea reservada para \u2018carga e descarga\u2019 em local p\u00fablico denominado Pra\u00e7a Dom Vi\u00e7oso,  com o objetivo de garantir um espa\u00e7o de lazer adequado, que atenda aos requisitos  de seguran\u00e7a e uso de pra\u00e7a p\u00fablica devidamente estruturada, melhorando o entorno do local com adequa\u00e7\u00e3o de gradil mais seguro e corrim\u00e3o quando se fizerem  necess\u00e1rios.","indexacao":"Indica\u00e7\u00e3o n\u00ba 07/2025\r\nO Vereador Municipal Rodrigo Cristino da Silva, ao final assinado, requer, no uso de suas atribui\u00e7\u00f5es legais, com fulcro nos arts. 181 e 182, ambos do regimento interno, e em conformidade com os interesses da comunidade, o envio da presente INDICA\u00c7\u00c3O ao Sr. Prefeito Municipal: \r\n\r\nIndica ao Poder Executivo Municipal a constru\u00e7\u00e3o de uma pra\u00e7a p\u00fablica, com uma \u00e1rea reservada para \u2018carga e descarga\u2019 em local p\u00fablico denominado Pra\u00e7a Dom Vi\u00e7oso,  com o objetivo de garantir um espa\u00e7o de lazer adequado, que atenda aos requisitos  de seguran\u00e7a e uso de pra\u00e7a p\u00fablica devidamente estruturada, melhorando o entorno do local com adequa\u00e7\u00e3o de gradil mais seguro e corrim\u00e3o quando se fizerem  necess\u00e1rios.","observacao":"","complemento":false,"data_vigencia":null,"timestamp":"2025-02-19T14:17:30.003692-03:00","data_ultima_atualizacao":"2025-02-19T14:17:30.519989-03:00","ip":"170.83.70.241","ultima_edicao":"2025-02-19T14:15:53.317465-03:00","tipo":6,"materia":518,"orgao":1,"user":1,"assuntos":[],"autores":[]}