{"id":1344,"__str__":"Indica\u00e7\u00e3o-GAB n\u00ba 3, de 05 de fevereiro de 2025","link_detail_backend":"/norma/1344","metadata":{},"texto_integral":"http://sapl.piedadedepontenova.mg.leg.br/media/sapl/public/normajuridica/2025/1344/camscanner_19-02-2025_14.06_03.pdf","numero":"3","ano":2025,"esfera_federacao":"M","data":"2025-02-05","data_publicacao":"2025-02-05","veiculo_publicacao":"Quadro de Avisos","pagina_inicio_publicacao":null,"pagina_fim_publicacao":null,"ementa":"Indica\u00e7\u00e3o n\u00ba 003/2025 \u2013 Autoria dos Vereadores Municipais Ramon Vieira da Veiga, Osmar Firmino, Fl\u00e1vio Magalh\u00e3es da Cruz, Euclides Rodger Moreira da Veiga e Elvis Luciano Batista de Souza \u2013 indica ao Executivo Municipal a desinstala\u00e7\u00e3o da torre no bairro Cruzeiro, do terreno cedido pela Prefeitura Municipal de Piedade de Ponte Nova/MG, e constru\u00e7\u00e3o de um memorial com a denomina\u00e7\u00e3o \u2018Matheus Brumano\u2019,   para a conscientiza\u00e7\u00e3o da popula\u00e7\u00e3o sobre a import\u00e2ncia das a\u00e7\u00f5es p\u00fablicas na sa\u00fade mental e implementa\u00e7\u00e3o de a\u00e7\u00f5es neste sentido.","indexacao":"Indica\u00e7\u00e3o n\u00ba 003/2025 \u2013 Autoria dos Vereadores Municipais Ramon Vieira da Veiga, Osmar Firmino, Fl\u00e1vio Magalh\u00e3es da Cruz, Euclides Rodger Moreira da Veiga e Elvis Luciano Batista de Souza \u2013 indica ao Executivo Municipal a desinstala\u00e7\u00e3o da torre no bairro Cruzeiro, do terreno cedido pela Prefeitura Municipal de Piedade de Ponte Nova/MG, e constru\u00e7\u00e3o de um memorial com a denomina\u00e7\u00e3o \u2018Matheus Brumano\u2019,   para a conscientiza\u00e7\u00e3o da popula\u00e7\u00e3o sobre a import\u00e2ncia das a\u00e7\u00f5es p\u00fablicas na sa\u00fade mental e implementa\u00e7\u00e3o de a\u00e7\u00f5es neste sentido.","observacao":"","complemento":false,"data_vigencia":null,"timestamp":"2025-02-19T14:08:19.391288-03:00","data_ultima_atualizacao":"2025-02-19T14:08:19.796854-03:00","ip":"170.83.70.241","ultima_edicao":"2025-02-19T14:03:57.625681-03:00","tipo":6,"materia":513,"orgao":1,"user":1,"assuntos":[],"autores":[]}