{"id":125,"__str__":"Indica\u00e7\u00e3o n\u00ba 32, de 03 de setembro de 2019","link_detail_backend":"/norma/125","metadata":{},"texto_integral":"http://sapl.piedadedepontenova.mg.leg.br/media/sapl/public/normajuridica/2019/125/indicacao_no_032_-_gilberto_paranhos_soares.doc","numero":"32","ano":2019,"esfera_federacao":"M","data":"2019-09-03","data_publicacao":"2019-09-03","veiculo_publicacao":"Quadro de Avisos","pagina_inicio_publicacao":1,"pagina_fim_publicacao":1,"ementa":"INDICA\u00c7\u00c3O N\u00ba 032/2019\r\n\r\n\r\n\tO Vereador Gilberto Paranhos Soares, ao final assinado, requer, na forma regimental, seja enviada a presente INDICA\u00c7\u00c3O ao Sr. Prefeito Municipal para que adote as provid\u00eancias necess\u00e1rias para a contrata\u00e7\u00e3o de profissionais t\u00e9cnicos: Fonoaudi\u00f3logo e Fisioterapeuta para atuarem na Institui\u00e7\u00e3o denominada Casa Lar Z\u00e9lia Vieira Martins, desta cidade. \r\n\r\n\r\n\r\n\tJUSTIFICATIVA:\r\n\r\n\tOs profissionais Fonoaudi\u00f3logo e Fisioterapeuta poder\u00e3o contribuir muito com os trabalhos desenvolvidos na Institui\u00e7\u00e3o Casa Lar Z\u00e9lia Vieira Martins, pois s\u00e3o atendimentos especializados que envolvem \u00e1reas da sa\u00fade  imprescind\u00edveis para os atendidos na Casa Lar.\r\n\t\r\n\t\r\n\r\n\tPiedade de Ponte Nova, 03 de Setembro de 2019.\r\n\r\n\r\n\r\n\r\nVereador Gilberto Paranhos Soares","indexacao":"INDICA\u00c7\u00c3O N\u00ba 032/2019\r\n\tO Vereador Gilberto Paranhos Soares, ao final assinado, requer, na forma regimental, seja enviada a presente INDICA\u00c7\u00c3O ao Sr. Prefeito Municipal para que adote as provid\u00eancias necess\u00e1rias para a contrata\u00e7\u00e3o de profissionais t\u00e9cnicos: Fonoaudi\u00f3logo e Fisioterapeuta para atuarem na Institui\u00e7\u00e3o denominada Casa Lar Z\u00e9lia Vieira Martins, desta cidade. \r\n\r\n\tJUSTIFICATIVA:\r\n\r\n\tOs profissionais Fonoaudi\u00f3logo e Fisioterapeuta poder\u00e3o contribuir muito com os trabalhos desenvolvidos na Institui\u00e7\u00e3o Casa Lar Z\u00e9lia Vieira Martins, pois s\u00e3o atendimentos especializados que envolvem \u00e1reas da sa\u00fade  imprescind\u00edveis para os atendidos na Casa Lar.\r\n\t\r\n\t\r\n\r\n\tPiedade de Ponte Nova, 03 de Setembro de 2019.\r\n\r\n\r\n\r\n\r\nVereador Gilberto Paranhos Soares","observacao":"Aprovada em turno \u00fanico.","complemento":false,"data_vigencia":null,"timestamp":"2019-09-06T09:06:31.029862-03:00","data_ultima_atualizacao":"2019-09-06T09:06:31.263787-03:00","ip":"","ultima_edicao":null,"tipo":6,"materia":189,"orgao":null,"user":null,"assuntos":[],"autores":[8]}