{"id":123,"__str__":"Indica\u00e7\u00e3o n\u00ba 30, de 20 de agosto de 2019","link_detail_backend":"/norma/123","metadata":{},"texto_integral":"http://sapl.piedadedepontenova.mg.leg.br/media/sapl/public/normajuridica/2019/123/indicacao_no_030_-_fraldas_geriatricas.doc","numero":"30","ano":2019,"esfera_federacao":"M","data":"2019-08-20","data_publicacao":"2019-08-20","veiculo_publicacao":"Quadro de Avisos","pagina_inicio_publicacao":1,"pagina_fim_publicacao":2,"ementa":"- INDICA\u00c7\u00c3O N\u00ba 030/2019 \u2013 Autoria Vereadora Ireni Gessi de Souza Martins,  INDICA ao Sr. Prefeito Municipal para que adote as provid\u00eancias necess\u00e1rias para a disponibiliza\u00e7\u00e3o de fraldas geri\u00e1tricas aos idosos atendidos pela rede municipal de sa\u00fade, em especial aqueles assistidos pelas equipes de sa\u00fade da fam\u00edlia.","indexacao":"- INDICA\u00c7\u00c3O N\u00ba 030/2019 \u2013 Autoria Vereadora Ireni Gessi de Souza Martins,  INDICA ao Sr. Prefeito Municipal para que adote as provid\u00eancias necess\u00e1rias para a disponibiliza\u00e7\u00e3o de fraldas geri\u00e1tricas aos idosos atendidos pela rede municipal de sa\u00fade, em especial aqueles assistidos pelas equipes de sa\u00fade da fam\u00edlia.","observacao":"","complemento":false,"data_vigencia":null,"timestamp":"2019-08-28T14:28:33.823854-03:00","data_ultima_atualizacao":"2019-08-28T14:28:34.202397-03:00","ip":"","ultima_edicao":null,"tipo":6,"materia":186,"orgao":null,"user":null,"assuntos":[],"autores":[9]}