{"id":880,"__str__":"Projeto de Resolu\u00e7\u00e3o n\u00ba 2 de 2021 | Aguardando a inclus\u00e3o na ordem do dia | 09/11/2021","link_detail_backend":"/materia/tramitacao/880","metadata":{},"timestamp":"2021-11-12T14:25:38.539389-03:00","data_tramitacao":"2021-11-09","data_encaminhamento":null,"urgente":false,"turno":"","texto":"Situa\u00e7\u00e3o: Mat\u00e9ria apresentada ao Plen\u00e1rio, lida e distribu\u00eddos os avulsos. A Comiss\u00e3o Especial reunir\u00e1 dia 16/11/2021.","data_fim_prazo":null,"ip":"170.83.71.143","ultima_edicao":"2021-11-12T14:24:26.987233-03:00","status":4,"materia":345,"unidade_tramitacao_local":17,"unidade_tramitacao_destino":3,"user":1}