{"id":796,"__str__":"Requerimento n\u00ba 5 de 2021 | Proposi\u00e7\u00e3o apresentada em Plen\u00e1rio | 10/08/2021","link_detail_backend":"/materia/tramitacao/796","metadata":{},"timestamp":"2021-08-27T15:55:24.830626-03:00","data_tramitacao":"2021-08-10","data_encaminhamento":null,"urgente":false,"turno":"U","texto":"Situa\u00e7\u00e3o: Mat\u00e9ria lida na \u00edntegra com encaminhamento pelo Vereador Autor.","data_fim_prazo":null,"ip":"131.100.41.212","ultima_edicao":"2021-08-27T15:54:44.611936-03:00","status":11,"materia":320,"unidade_tramitacao_local":3,"unidade_tramitacao_destino":2,"user":1}