{"id":465,"__str__":"Requerimento n\u00ba 30 de 2019 | Proposi\u00e7\u00e3o arquivada | 03/09/2019","link_detail_backend":"/materia/tramitacao/465","metadata":{},"timestamp":"2019-09-06T08:57:26.805020-03:00","data_tramitacao":"2019-09-03","data_encaminhamento":"2019-09-03","urgente":false,"turno":"U","texto":"Situa\u00e7\u00e3o: Proposi\u00e7\u00e3o arquivada a pedido do Autor.","data_fim_prazo":null,"ip":"170.83.68.105","ultima_edicao":null,"status":14,"materia":188,"unidade_tramitacao_local":3,"unidade_tramitacao_destino":2,"user":1}