{"id":428,"__str__":"Requerimento n\u00ba 25 de 2019 | Aguardando a inclus\u00e3o na ordem do dia | 18/06/2019","link_detail_backend":"/materia/tramitacao/428","metadata":{},"timestamp":"2019-06-18T09:51:43.635298-03:00","data_tramitacao":"2019-06-18","data_encaminhamento":null,"urgente":false,"turno":"U","texto":"Situa\u00e7\u00e3o: aguardando inclus\u00e3o da Ordem do Dia.","data_fim_prazo":null,"ip":"170.83.68.102","ultima_edicao":null,"status":4,"materia":175,"unidade_tramitacao_local":2,"unidade_tramitacao_destino":3,"user":1}