{"id":392,"__str__":"Indica\u00e7\u00e3o n\u00ba 21 de 2019 | Proposi\u00e7\u00e3o rejeitada pelo Plen\u00e1rio | 09/05/2019","link_detail_backend":"/materia/tramitacao/392","metadata":{},"timestamp":"2019-05-21T10:12:25.528770-03:00","data_tramitacao":"2019-05-09","data_encaminhamento":"2019-05-09","urgente":false,"turno":"U","texto":"Situa\u00e7\u00e3o: Proposi\u00e7\u00e3o arquivada.","data_fim_prazo":null,"ip":"143.202.52.145","ultima_edicao":null,"status":29,"materia":157,"unidade_tramitacao_local":3,"unidade_tramitacao_destino":2,"user":1}