{"id":290,"__str__":"Legislativa n\u00ba 7 de 2019 | Proposi\u00e7\u00e3o retirada da Ordem do Dia | 12/03/2019","link_detail_backend":"/materia/tramitacao/290","metadata":{},"timestamp":"2019-03-18T16:20:04.348432-03:00","data_tramitacao":"2019-03-12","data_encaminhamento":"2019-03-12","urgente":false,"turno":"P","texto":"Situa\u00e7\u00e3o: proposi\u00e7\u00e3o devolvida ao Executivo Municipal.","data_fim_prazo":null,"ip":"","ultima_edicao":null,"status":32,"materia":102,"unidade_tramitacao_local":9,"unidade_tramitacao_destino":3,"user":null}