{"id":202,"__str__":"Judicial n\u00ba 1 de 2018 | Aguardando a inclus\u00e3o na ordem do dia | 20/08/2018","link_detail_backend":"/materia/tramitacao/202","metadata":{},"timestamp":"2018-09-19T14:29:33.982142-03:00","data_tramitacao":"2018-08-20","data_encaminhamento":"2018-08-20","urgente":true,"turno":"U","texto":"Situa\u00e7\u00e3o: Provid\u00eancias para inclus\u00e3o da Ordem do Dia  - Delibera\u00e7\u00e3o em car\u00e1ter final  da Comiss\u00e3o Permanente de Or\u00e7amento e Tomada de Contas em 23 de agosto de 2018.","data_fim_prazo":"2018-08-24","ip":"","ultima_edicao":null,"status":4,"materia":76,"unidade_tramitacao_local":6,"unidade_tramitacao_destino":2,"user":null}