{"id":1172,"__str__":"Projeto de Lei Complementar n\u00ba 71 de 2023 | Proposi\u00e7\u00e3o inclusa na Ordem do Dia | 26/05/2023","link_detail_backend":"/materia/tramitacao/1172","metadata":{},"timestamp":"2023-05-30T14:15:16.751859-03:00","data_tramitacao":"2023-05-26","data_encaminhamento":null,"urgente":false,"turno":"G","texto":"Situa\u00e7\u00e3o: Proposi\u00e7\u00e3o complementar recebida e anexada em 26/05/2023.","data_fim_prazo":null,"ip":"170.83.70.88","ultima_edicao":"2023-05-30T14:13:48.339081-03:00","status":18,"materia":428,"unidade_tramitacao_local":2,"unidade_tramitacao_destino":19,"user":1}