{"id":85,"__str__":"Administrativa n\u00ba 26 de 2018","link_detail_backend":"/materia/85","metadata":{},"numero":26,"ano":2018,"numero_protocolo":68,"data_apresentacao":"2018-11-06","tipo_apresentacao":"E","data_publicacao":null,"numero_origem_externa":"","ano_origem_externa":null,"data_origem_externa":null,"apelido":"","dias_prazo":null,"data_fim_prazo":null,"em_tramitacao":false,"polemica":null,"objeto":"","complementar":null,"ementa":"Mo\u00e7\u00e3o de Pesar n\u00ba 008/2018\r\nOs Vereadores, que a presente subscrevem, com assento nesta Egr\u00e9gia Casa de Leis, v\u00eam atrav\u00e9s desta, ap\u00f3s ouvido o Plen\u00e1rio, manifestar sua solidariedade e encaminhar a presente MO\u00c7\u00c3O DE PESAR \u00e0 Fam\u00edlia Zinato, pelo falecimento do Sr. Cl\u00e1udio Zinato,  ocorrido em 15 de  outubro de 2018.","indexacao":"","observacao":"","resultado":"","texto_original":"http://sapl.piedadedepontenova.mg.leg.br/media/sapl/public/materialegislativa/2018/85/mocao_de_pesar_no_008_claudio_zinato.doc","data_ultima_atualizacao":"2018-11-08T15:13:21.430748-02:00","ip":"","ultima_edicao":null,"tipo":1,"regime_tramitacao":1,"tipo_origem_externa":null,"local_origem_externa":null,"user":null,"anexadas":[],"autores":[7]}