{"id":72,"__str__":"Administrativa n\u00ba 20 de 2018","link_detail_backend":"/materia/72","metadata":{},"numero":20,"ano":2018,"numero_protocolo":54,"data_apresentacao":"2018-06-12","tipo_apresentacao":"","data_publicacao":null,"numero_origem_externa":"","ano_origem_externa":null,"data_origem_externa":null,"apelido":"","dias_prazo":null,"data_fim_prazo":null,"em_tramitacao":false,"polemica":null,"objeto":"","complementar":null,"ementa":"Mo\u00e7\u00e3o de Pesar n\u00ba 005/2018\r\nMo\u00e7\u00e3o de Pesar n\u00ba 007/2018\r\nOs Vereadores, que a presente subscrevem, com assento nesta Egr\u00e9gia Casa de Leis, v\u00eam atrav\u00e9s desta, ap\u00f3s ouvido o Plen\u00e1rio, manifestar sua solidariedade e encaminhar a presente MO\u00c7\u00c3O DE PESAR \u00e0 Fam\u00edlia Tomaz, pelo falecimento do Sr. Protino Ant\u00f4nio Tomaz, conhecido carinhosamente como \u201cSr. Protino\u201d, ocorrido no dia 30 de maio de 2018.","indexacao":"","observacao":"","resultado":"","texto_original":"http://sapl.piedadedepontenova.mg.leg.br/media/sapl/public/materialegislativa/2018/72/mocao_de_pesar_no_005.doc","data_ultima_atualizacao":"2018-06-19T15:02:12.986345-03:00","ip":"","ultima_edicao":null,"tipo":1,"regime_tramitacao":1,"tipo_origem_externa":null,"local_origem_externa":null,"user":null,"anexadas":[],"autores":[11]}