{"id":67,"__str__":"Legislativa n\u00ba 30 de 2018","link_detail_backend":"/materia/67","metadata":{},"numero":30,"ano":2018,"numero_protocolo":49,"data_apresentacao":"2018-06-05","tipo_apresentacao":"E","data_publicacao":null,"numero_origem_externa":"037","ano_origem_externa":2018,"data_origem_externa":null,"apelido":"Substitutivo n\u00ba 001","dias_prazo":null,"data_fim_prazo":null,"em_tramitacao":false,"polemica":true,"objeto":"Cria\u00e7\u00e3o de Cargo","complementar":true,"ementa":"Projeto de Lei Complementar n\u00ba 018/2018 de 05 de junho de 2018\r\nDisp\u00f5e sobre a cria\u00e7\u00e3o de cargo p\u00fablico que especifica e d\u00e1 outras provid\u00eancias.","indexacao":"Cria\u00e7\u00e3o de Cargo - Dentista e Coordenador - Programa ESF -","observacao":"","resultado":"","texto_original":"http://sapl.piedadedepontenova.mg.leg.br/media/sapl/public/materialegislativa/2018/67/esf_-_cria_cargo_dentista_esf_-_piedade_de_ponte__o9is3t8.doc","data_ultima_atualizacao":"2018-06-19T10:23:34.324393-03:00","ip":"","ultima_edicao":null,"tipo":2,"regime_tramitacao":2,"tipo_origem_externa":2,"local_origem_externa":1,"user":null,"anexadas":[],"autores":[1]}