{"id":65,"__str__":"Administrativa n\u00ba 18 de 2018","link_detail_backend":"/materia/65","metadata":{},"numero":18,"ano":2018,"numero_protocolo":46,"data_apresentacao":"2018-05-21","tipo_apresentacao":"","data_publicacao":null,"numero_origem_externa":"","ano_origem_externa":null,"data_origem_externa":null,"apelido":"","dias_prazo":null,"data_fim_prazo":null,"em_tramitacao":false,"polemica":null,"objeto":"","complementar":null,"ementa":"INDICA\u00c7\u00c3O N\u00ba 012/2018\r\n\r\n\r\n\r\nPiedade de Ponte Nova, 22 de maio de 2018\r\n\r\n\r\n\r\n\tIndico ao Sr. Prefeito Municipal, ap\u00f3s a devida aprova\u00e7\u00e3o pelo Plen\u00e1rio, que seja solicitado a CIMVALPI -  Cons\u00f3rcio Intermunicipal Multissetorial do Vale do Piranga, que presta servi\u00e7os na \u00e1rea de ilumina\u00e7\u00e3o p\u00fablica de Piedade de Ponte Nova/MG, a melhora da qualidade da ilumina\u00e7\u00e3o p\u00fablica, com troca de l\u00e2mpadas mais potentes, coloca\u00e7\u00e3o de hastes de suporte maiores  e uma maior pot\u00eancia na distribui\u00e7\u00e3o da luz.\r\n \r\n\r\n\t\r\nJUSTIFICATIVA\r\n\r\n\r\n\tEu, Vereador Osmar Firmino, indico que seja realizado atrav\u00e9s da CIMVALPI \u2013 Cons\u00f3rcio Intermunicipal Multissetorial do Vale do Piranga, um servi\u00e7o em car\u00e1ter de urg\u00eancia para melhoria geral da ilumina\u00e7\u00e3o p\u00fablica na cidade:\r\n\r\n1.Troca de l\u00e2mpadas atuais por outras mais potentes (as atuais pouco iluminam), com esta troca teremos uma melhoria bem significativa;\r\n\r\n2.Coloca\u00e7\u00e3o de hastes nos postes mais longas de forma a melhor iluminar as ruas que encontram-se praticamente no escuro;\r\n\r\n3.Libera\u00e7\u00e3o de pot\u00eancia maior da ilumina\u00e7\u00e3o p\u00fablica, que encontra-se em pot\u00eancia muito reduzida.s.m.j.\r\n\r\nOs diversos populares que t\u00eam reclamado est\u00e3o preocupados com a situa\u00e7\u00e3o atual das ruas escuras, principalmente em rela\u00e7\u00e3o aos estudantes e trabalhadores que precisam transitar no per\u00edodo noturno, causando bastante inseguran\u00e7a.\r\n\r\nAl\u00e9m disso, o aspecto da cidade no escuro \u00e9 constrangedor para os moradores que procuram os vereadores municipais; al\u00e9m de ser uma responsabilidade do cons\u00f3rcio que pode e deve ser acionado pelo Jur\u00eddico da Prefeitura Municipal e estabelecer juntos um cronograma com datas fixas para realiza\u00e7\u00e3o dos servi\u00e7os. \r\n\r\n\r\n\r\n\r\n\r\n\r\n\r\n\r\n\r\nSolicitamos na oportunidade o envio deste cronograma feito pelo CIMVALPI com as datas dos servi\u00e7os a serem executados.\r\n\r\n\tPor todos estes motivos aguardo o apoio dos caros edis e o pronto atendimento pelo Executivo Municipal.\r\n\r\n\r\n\t          \r\nVereador Osmar Firmino","indexacao":"","observacao":"","resultado":"","texto_original":"http://sapl.piedadedepontenova.mg.leg.br/media/sapl/public/materialegislativa/2018/65/indicacao_no_012___osmar_firmino.doc","data_ultima_atualizacao":"2018-06-06T09:41:01.245198-03:00","ip":"","ultima_edicao":null,"tipo":1,"regime_tramitacao":1,"tipo_origem_externa":null,"local_origem_externa":null,"user":null,"anexadas":[],"autores":[10]}