{"id":64,"__str__":"Administrativa n\u00ba 17 de 2018","link_detail_backend":"/materia/64","metadata":{},"numero":17,"ano":2018,"numero_protocolo":45,"data_apresentacao":"2018-05-21","tipo_apresentacao":"","data_publicacao":null,"numero_origem_externa":"","ano_origem_externa":null,"data_origem_externa":null,"apelido":"","dias_prazo":null,"data_fim_prazo":null,"em_tramitacao":false,"polemica":null,"objeto":"","complementar":null,"ementa":"INDICA\u00c7\u00c3O N\u00ba 011/2018\r\n\r\n\r\n\r\nPiedade de Ponte Nova, 22 de maio de 2018\r\n\r\n\r\n\r\n\tIndico ao Sr. Prefeito Municipal, ap\u00f3s a devida aprova\u00e7\u00e3o pelo Plen\u00e1rio, que seja colocado em funcionamento a Capela Vel\u00f3rio \u2018Padre Ant\u00f4nio Ribeiro Pinto\u2019, desta cidade de Piedade de Ponte Nova/MG. \r\n \r\n\r\n\t\r\nJUSTIFICATIVA\r\n\r\n\r\n\tEu, Vereador Osmar Firmino, indico que seja  colocada em pleno funcionamento a Capela Vel\u00f3rio, localizada na Rua Bonfim desta cidade, que atualmente encontra-se fechada.\r\n\r\nA Capela Vel\u00f3rio  \u2018Padre Ant\u00f4nio Ribeiro Pinto\u2019, desta cidade, constru\u00edda na gest\u00e3o anterior, n\u00e3o est\u00e1 sendo disponibilizada aos cidad\u00e3os para os momentos f\u00fanebres, tendo as fam\u00edlias dificuldades para os vel\u00f3rios num momento t\u00e3o dif\u00edcil, sendo recente sua constru\u00e7\u00e3o.\r\n\r\nIndico que o Executivo Municipal encaminhe as justificativas da n\u00e3o utiliza\u00e7\u00e3o da capela vel\u00f3rio, caso a mesma n\u00e3o possa ser colocada em funcionamento por motivos legais ou estruturais.\r\n\r\n\tPor todos estes motivos aguardo o apoio dos caros edis e o pronto atendimento pelo Executivo Municipal.\r\n\r\n\t            \r\nVereador Osmar Firmino","indexacao":"","observacao":"","resultado":"","texto_original":"http://sapl.piedadedepontenova.mg.leg.br/media/sapl/public/materialegislativa/2018/64/indicacao_011_-_osmar_firmino.doc","data_ultima_atualizacao":"2018-06-06T09:39:59.938794-03:00","ip":"","ultima_edicao":null,"tipo":1,"regime_tramitacao":1,"tipo_origem_externa":null,"local_origem_externa":null,"user":null,"anexadas":[],"autores":[10]}