{"id":647,"__str__":"Projeto de Resolu\u00e7\u00e3o n\u00ba 2 de 2026","link_detail_backend":"/materia/647","metadata":{},"numero":2,"ano":2026,"numero_protocolo":null,"data_apresentacao":"2026-01-16","tipo_apresentacao":"E","data_publicacao":null,"numero_origem_externa":"","ano_origem_externa":null,"data_origem_externa":null,"apelido":"","dias_prazo":null,"data_fim_prazo":null,"em_tramitacao":false,"polemica":false,"objeto":"","complementar":false,"ementa":"Projeto de Resolu\u00e7\u00e3o n.\u00ba 002/2026\r\nReajusta os valores dos subs\u00eddios dos Vereadores do Munic\u00edpio de Piedade de Ponte Nova.","indexacao":"Projeto de Resolu\u00e7\u00e3o n.\u00ba 002/2026\r\nReajusta os valores dos subs\u00eddios dos Vereadores do Munic\u00edpio de Piedade de Ponte Nova.","observacao":"","resultado":"","texto_original":"http://sapl.piedadedepontenova.mg.leg.br/media/sapl/public/materialegislativa/2026/647/pr_reajuste_vereadores_2026.docx","data_ultima_atualizacao":"2026-01-23T10:47:24.134061-03:00","ip":"170.83.70.192","ultima_edicao":"2026-01-20T10:20:10.545345-03:00","tipo":11,"regime_tramitacao":2,"tipo_origem_externa":null,"local_origem_externa":null,"user":1,"anexadas":[],"autores":[31]}