{"id":633,"__str__":"Indica\u00e7\u00e3o n\u00ba 69 de 2025","link_detail_backend":"/materia/633","metadata":{},"numero":69,"ano":2025,"numero_protocolo":null,"data_apresentacao":"2025-10-17","tipo_apresentacao":"","data_publicacao":null,"numero_origem_externa":"","ano_origem_externa":null,"data_origem_externa":null,"apelido":"","dias_prazo":null,"data_fim_prazo":null,"em_tramitacao":false,"polemica":false,"objeto":"","complementar":false,"ementa":"INDICA\u00c7\u00c3O N\u00ba 69/2025\r\nAutor: Vereador Domingos Jos\u00e9 Vieira\r\nAssunto: Limpeza das valas de escoamento pluvial no trecho que liga o munic\u00edpio \u00e0 MG-329.","indexacao":"INDICA\u00c7\u00c3O N\u00ba 69/2025\r\nAutor: Vereador Domingos Jos\u00e9 Vieira\r\nAssunto: Limpeza das valas de escoamento pluvial no trecho que liga o munic\u00edpio \u00e0 MG-329.","observacao":"","resultado":"","texto_original":null,"data_ultima_atualizacao":"2025-10-22T10:04:55.868192-03:00","ip":"170.83.69.79","ultima_edicao":"2025-10-17T15:22:38.227468-03:00","tipo":6,"regime_tramitacao":1,"tipo_origem_externa":null,"local_origem_externa":null,"user":1,"anexadas":[],"autores":[46]}