{"id":632,"__str__":"Mo\u00e7\u00e3o de Aplauso/Congratula\u00e7\u00f5es n\u00ba 8 de 2025","link_detail_backend":"/materia/632","metadata":{},"numero":8,"ano":2025,"numero_protocolo":null,"data_apresentacao":"2025-10-16","tipo_apresentacao":"E","data_publicacao":null,"numero_origem_externa":"","ano_origem_externa":null,"data_origem_externa":null,"apelido":"","dias_prazo":null,"data_fim_prazo":null,"em_tramitacao":false,"polemica":false,"objeto":"","complementar":false,"ementa":"MO\u00c7\u00c3O DE CONGRATULA\u00c7\u00c3O \r\nN\u00ba 008/2025\r\nAutor: Vereador Rodrigo Cristino da Silva \r\nAssunto:   A C\u00e2mara Municipal de Piedade de Ponte Nova \u2013 MG, no uso de suas atribui\u00e7\u00f5es legais e regimentais, apresenta MO\u00c7\u00c3O DE CONGRATULA\u00c7\u00c3O aos m\u00fasicos da Corpora\u00e7\u00e3o Musical Jos\u00e9 Ferreira Gomes, sob a reg\u00eancia do Maestro Rog\u00e9rio Campos, pela brilhante participa\u00e7\u00e3o na Prociss\u00e3o de Nossa Senhora da Piedade, realizada no dia 15 de setembro de 2025, evento que integra as tradicionais celebra\u00e7\u00f5es religiosas e culturais de nosso munic\u00edpio.","indexacao":"MO\u00c7\u00c3O DE CONGRATULA\u00c7\u00c3O \r\nN\u00ba 008/2025\r\nAutor: Vereador Rodrigo Cristino da Silva \r\nAssunto:   A C\u00e2mara Municipal de Piedade de Ponte Nova \u2013 MG, no uso de suas atribui\u00e7\u00f5es legais e regimentais, apresenta MO\u00c7\u00c3O DE CONGRATULA\u00c7\u00c3O aos m\u00fasicos da Corpora\u00e7\u00e3o Musical Jos\u00e9 Ferreira Gomes, sob a reg\u00eancia do Maestro Rog\u00e9rio Campos, pela brilhante participa\u00e7\u00e3o na Prociss\u00e3o de Nossa Senhora da Piedade, realizada no dia 15 de setembro de 2025, evento que integra as tradicionais celebra\u00e7\u00f5es religiosas e culturais de nosso munic\u00edpio.","observacao":"","resultado":"","texto_original":"http://sapl.piedadedepontenova.mg.leg.br/media/sapl/public/materialegislativa/2025/632/mocao_008.pdf","data_ultima_atualizacao":"2025-10-22T10:05:56.617529-03:00","ip":"170.83.69.79","ultima_edicao":"2025-10-17T14:32:36.006138-03:00","tipo":18,"regime_tramitacao":1,"tipo_origem_externa":null,"local_origem_externa":null,"user":1,"anexadas":[],"autores":[20]}