{"id":619,"__str__":"Indica\u00e7\u00e3o n\u00ba 62 de 2025","link_detail_backend":"/materia/619","metadata":{},"numero":62,"ano":2025,"numero_protocolo":null,"data_apresentacao":"2025-09-01","tipo_apresentacao":"E","data_publicacao":null,"numero_origem_externa":"","ano_origem_externa":null,"data_origem_externa":null,"apelido":"","dias_prazo":null,"data_fim_prazo":null,"em_tramitacao":false,"polemica":false,"objeto":"","complementar":false,"ementa":"INDICA\u00c7\u00c3O N\u00ba 62/2025\r\nOs Vereadores Municipais, no uso de suas atribui\u00e7\u00f5es regimentais, v\u00eam respeitosamente indicar ao Executivo Municipal a ado\u00e7\u00e3o da seguinte medida de interesse p\u00fablico:\r\nInstala\u00e7\u00e3o de corrim\u00e3o na Rua Esp\u00edrito Santo, neste munic\u00edpio, tendo em vista que, ap\u00f3s a constru\u00e7\u00e3o do muro de conten\u00e7\u00e3o no referido local, a parte superior da via ficou vulner\u00e1vel, oferecendo risco \u00e0 seguran\u00e7a de pedestres e moradores.","indexacao":"INDICA\u00c7\u00c3O N\u00ba 62/2025\r\nOs Vereadores Municipais, no uso de suas atribui\u00e7\u00f5es regimentais, v\u00eam respeitosamente indicar ao Executivo Municipal a ado\u00e7\u00e3o da seguinte medida de interesse p\u00fablico:\r\nInstala\u00e7\u00e3o de corrim\u00e3o na Rua Esp\u00edrito Santo, neste munic\u00edpio, tendo em vista que, ap\u00f3s a constru\u00e7\u00e3o do muro de conten\u00e7\u00e3o no referido local, a parte superior da via ficou vulner\u00e1vel, oferecendo risco \u00e0 seguran\u00e7a de pedestres e moradores.","observacao":"","resultado":"","texto_original":"http://sapl.piedadedepontenova.mg.leg.br/media/sapl/public/materialegislativa/2025/619/indicacao_n_62_-_vereadores_municipais_01_de_set_2025.docx","data_ultima_atualizacao":"2025-10-08T13:43:35.127453-03:00","ip":"170.83.71.145","ultima_edicao":"2025-09-01T16:38:56.000170-03:00","tipo":6,"regime_tramitacao":1,"tipo_origem_externa":null,"local_origem_externa":null,"user":1,"anexadas":[],"autores":[]}