{"id":614,"__str__":"Mo\u00e7\u00e3o de Aplauso/Congratula\u00e7\u00f5es n\u00ba 3 de 2025","link_detail_backend":"/materia/614","metadata":{},"numero":3,"ano":2025,"numero_protocolo":null,"data_apresentacao":"2025-09-01","tipo_apresentacao":"E","data_publicacao":null,"numero_origem_externa":"","ano_origem_externa":null,"data_origem_externa":null,"apelido":"","dias_prazo":null,"data_fim_prazo":null,"em_tramitacao":false,"polemica":false,"objeto":"","complementar":false,"ementa":"MO\u00c7\u00c3O DE CONGRATULA\u00c7\u00c3O N\u00ba 003/2025\r\nO Vereador Elvis Luciano Batista de Souza, no uso de suas atribui\u00e7\u00f5es legais e regimentais, apresenta a considera\u00e7\u00e3o desta Casa Legislativa a presente MO\u00c7\u00c3O DE CONGRATULA\u00c7\u00c3O \u00e0 amazona Maria Eliza Lolli, do Haras Elisa, em reconhecimento a sua brilhante conquista na Exposi\u00e7\u00e3o Nacional do Cavalo Mangalarga Marchador, realizada no Parque de Exposi\u00e7\u00f5es da Gameleira, em Belo Horizonte.","indexacao":"MO\u00c7\u00c3O DE CONGRATULA\u00c7\u00c3O N\u00ba 003/2025\r\nO Vereador Elvis Luciano Batista de Souza, no uso de suas atribui\u00e7\u00f5es legais e regimentais, apresenta a considera\u00e7\u00e3o desta Casa Legislativa a presente MO\u00c7\u00c3O DE CONGRATULA\u00c7\u00c3O \u00e0 amazona Maria Eliza Lolli, do Haras Elisa, em reconhecimento a sua brilhante conquista na Exposi\u00e7\u00e3o Nacional do Cavalo Mangalarga Marchador, realizada no Parque de Exposi\u00e7\u00f5es da Gameleira, em Belo Horizonte.","observacao":"","resultado":"","texto_original":"http://sapl.piedadedepontenova.mg.leg.br/media/sapl/public/materialegislativa/2025/614/mocao_003_de_2025_-_maria_elisa.docx","data_ultima_atualizacao":"2025-10-08T13:51:57.908916-03:00","ip":"170.83.71.145","ultima_edicao":"2025-09-01T15:13:03.905127-03:00","tipo":18,"regime_tramitacao":1,"tipo_origem_externa":null,"local_origem_externa":null,"user":1,"anexadas":[],"autores":[11]}