{"id":606,"__str__":"Mo\u00e7\u00e3o de Aplauso/Congratula\u00e7\u00f5es n\u00ba 2 de 2025","link_detail_backend":"/materia/606","metadata":{},"numero":2,"ano":2025,"numero_protocolo":null,"data_apresentacao":"2025-06-02","tipo_apresentacao":"E","data_publicacao":null,"numero_origem_externa":"","ano_origem_externa":null,"data_origem_externa":null,"apelido":"","dias_prazo":null,"data_fim_prazo":null,"em_tramitacao":false,"polemica":false,"objeto":"","complementar":false,"ementa":"Mo\u00e7\u00e3o de Congratula\u00e7\u00e3o n\u00ba002/2025\r\nAutora: Vereadora Lucimeire de Souza Boroni Mayrink\r\nAssunto: Mo\u00e7\u00e3o de Congratula\u00e7\u00e3o pelos 90 anos de vida de Maria Madalena Tiburcio Palmioli Vieira\r\nA vereadora que esta subscreve, no uso de suas atribui\u00e7\u00f5es legais e regimentais, vem, respeitosamente, apresentar \u00e0 aprecia\u00e7\u00e3o do Plen\u00e1rio a presente:","indexacao":"Mo\u00e7\u00e3o de Congratula\u00e7\u00e3o n\u00ba 002/2025\r\nAutora: Vereadora Lucimeire de Souza Boroni Mayrink\r\nAssunto: Mo\u00e7\u00e3o de Congratula\u00e7\u00e3o pelos 90 anos de vida de Maria Madalena Tiburcio Palmioli Vieira\r\nA vereadora que esta subscreve, no uso de suas atribui\u00e7\u00f5es legais e regimentais, vem, respeitosamente, apresentar \u00e0 aprecia\u00e7\u00e3o do Plen\u00e1rio a presente:","observacao":"","resultado":"","texto_original":"http://sapl.piedadedepontenova.mg.leg.br/media/sapl/public/materialegislativa/2025/606/mocao_congratulacao_meire.docx","data_ultima_atualizacao":"2025-06-06T10:03:45.267575-03:00","ip":"170.83.71.76","ultima_edicao":"2025-06-02T16:29:14.724000-03:00","tipo":18,"regime_tramitacao":1,"tipo_origem_externa":null,"local_origem_externa":null,"user":1,"anexadas":[],"autores":[48]}