{"id":574,"__str__":"Indica\u00e7\u00e3o n\u00ba 34 de 2025","link_detail_backend":"/materia/574","metadata":{},"numero":34,"ano":2025,"numero_protocolo":null,"data_apresentacao":"2025-05-05","tipo_apresentacao":"E","data_publicacao":null,"numero_origem_externa":"","ano_origem_externa":null,"data_origem_externa":null,"apelido":"","dias_prazo":null,"data_fim_prazo":null,"em_tramitacao":false,"polemica":false,"objeto":"","complementar":false,"ementa":"INDICA\u00c7\u00c3O N\u00ba  34/2025\r\nAutor: Vereador Osmar Firmino\r\nAssunto: Solicita a instala\u00e7\u00e3o de quebra-molas e/ou redutores de velocidade na Rua Bonfim, nas proximidades da Capela Vel\u00f3rio.","indexacao":"INDICA\u00c7\u00c3O N\u00ba  34/2025\r\nAutor: Vereador Osmar Firmino\r\nAssunto: Solicita a instala\u00e7\u00e3o de quebra-molas e/ou redutores de velocidade na Rua Bonfim, nas proximidades da Capela Vel\u00f3rio.","observacao":"","resultado":"","texto_original":null,"data_ultima_atualizacao":"2025-05-06T08:12:01.078312-03:00","ip":"143.202.54.150","ultima_edicao":"2025-05-05T08:13:41.648174-03:00","tipo":6,"regime_tramitacao":1,"tipo_origem_externa":null,"local_origem_externa":null,"user":1,"anexadas":[],"autores":[10]}