{"id":560,"__str__":"Mo\u00e7\u00e3o de Pesar n\u00ba 1 de 2025","link_detail_backend":"/materia/560","metadata":{},"numero":1,"ano":2025,"numero_protocolo":null,"data_apresentacao":"2025-04-07","tipo_apresentacao":"E","data_publicacao":null,"numero_origem_externa":"","ano_origem_externa":null,"data_origem_externa":null,"apelido":"","dias_prazo":null,"data_fim_prazo":null,"em_tramitacao":false,"polemica":false,"objeto":"","complementar":false,"ementa":"MO\u00c7\u00c3O DE PESAR N\u00ba 001/2025\r\n\r\nMO\u00c7\u00c3O DE PESAR PELO FALECIMENTO DO SENHOR WALLISSON PINTO VIEIRA (GUAN\u00c1)\r\n\r\nA C\u00e2mara Municipal de Piedade de Ponte Nova, por iniciativa de todos os vereadores desta Casa Legislativa, manifesta seu profundo sentimento de pesar pelo falecimento do senhor Wallisson Pinto Vieira, carinhosamente conhecido por todos como Guan\u00e1, ocorrido no dia 31 de mar\u00e7o de 2025.","indexacao":"MO\u00c7\u00c3O DE PESAR N\u00ba 001/2025\r\n\r\nMO\u00c7\u00c3O DE PESAR PELO FALECIMENTO DO SENHOR WALLISSON PINTO VIEIRA (GUAN\u00c1)\r\n\r\nA C\u00e2mara Municipal de Piedade de Ponte Nova, por iniciativa de todos os vereadores desta Casa Legislativa, manifesta seu profundo sentimento de pesar pelo falecimento do senhor Wallisson Pinto Vieira, carinhosamente conhecido por todos como Guan\u00e1, ocorrido no dia 31 de mar\u00e7o de 2025.","observacao":"","resultado":"","texto_original":"http://sapl.piedadedepontenova.mg.leg.br/media/sapl/public/materialegislativa/2025/560/mocao_guana001.docx","data_ultima_atualizacao":"2025-04-28T11:02:38.653235-03:00","ip":"143.202.55.73","ultima_edicao":"2025-04-07T16:05:17.590007-03:00","tipo":8,"regime_tramitacao":1,"tipo_origem_externa":null,"local_origem_externa":null,"user":1,"anexadas":[],"autores":[36]}