{"id":554,"__str__":"Indica\u00e7\u00e3o n\u00ba 29 de 2025","link_detail_backend":"/materia/554","metadata":{},"numero":29,"ano":2025,"numero_protocolo":null,"data_apresentacao":"2025-04-07","tipo_apresentacao":"E","data_publicacao":null,"numero_origem_externa":"","ano_origem_externa":null,"data_origem_externa":null,"apelido":"","dias_prazo":null,"data_fim_prazo":null,"em_tramitacao":false,"polemica":false,"objeto":"","complementar":false,"ementa":"INDICA\u00c7\u00c3O N\u00ba 29/2025\r\nAutor: Vereador Euclides Rodger Moreira da Veiga\r\nAssunto: Solicita a concess\u00e3o de cesta b\u00e1sica mensal aos trabalhadores do Programa \"Trabalhando Cidadania\".\r\n\r\nO vereador que esta subscreve, no uso de suas atribui\u00e7\u00f5es legais e regimentais, com fundamento no Regimento Interno desta Casa Legislativa, apresenta ao Plen\u00e1rio a seguinte:\r\n\r\nINDICA\u00c7\u00c3O\r\nIndico ao Excelent\u00edssimo Senhor Prefeito Municipal de Piedade de Ponte Nova \u2013 MG, que seja estudada a viabilidade de oferecer mensalmente uma cesta b\u00e1sica aos trabalhadores vinculados ao Programa \u201cTrabalhando Cidadania\u201d, desenvolvido por este Munic\u00edpio.","indexacao":"INDICA\u00c7\u00c3O N\u00ba 29/2025\r\nAutor: Vereador Euclides Rodger Moreira da Veiga\r\nAssunto: Solicita a concess\u00e3o de cesta b\u00e1sica mensal aos trabalhadores do Programa \"Trabalhando Cidadania\".\r\n\r\n\r\nINDICA\u00c7\u00c3O\r\nIndico ao Excelent\u00edssimo Senhor Prefeito Municipal de Piedade de Ponte Nova \u2013 MG, que seja estudada a viabilidade de oferecer mensalmente uma cesta b\u00e1sica aos trabalhadores vinculados ao Programa \u201cTrabalhando Cidadania\u201d, desenvolvido por este Munic\u00edpio.","observacao":"","resultado":"","texto_original":"http://sapl.piedadedepontenova.mg.leg.br/media/sapl/public/materialegislativa/2025/554/indicacao_n_29__cesta_basico_projeto_euclides_1.docx","data_ultima_atualizacao":"2025-04-29T10:01:14.480607-03:00","ip":"143.202.55.73","ultima_edicao":"2025-04-07T15:01:35.004806-03:00","tipo":6,"regime_tramitacao":1,"tipo_origem_externa":null,"local_origem_externa":null,"user":1,"anexadas":[],"autores":[45]}