{"id":51,"__str__":"Administrativa n\u00ba 7 de 2018","link_detail_backend":"/materia/51","metadata":{},"numero":7,"ano":2018,"numero_protocolo":32,"data_apresentacao":"2018-04-25","tipo_apresentacao":"","data_publicacao":null,"numero_origem_externa":"","ano_origem_externa":null,"data_origem_externa":null,"apelido":"","dias_prazo":null,"data_fim_prazo":null,"em_tramitacao":false,"polemica":null,"objeto":"","complementar":null,"ementa":"Mo\u00e7\u00e3o de Pesar n\u00ba 003/2018\r\nOs Vereadores, que a presente subscrevem, com assento nesta Egr\u00e9gia Casa de Leis, v\u00eam atrav\u00e9s desta, ap\u00f3s ouvido o Plen\u00e1rio, manifestar sua solidariedade e encaminhar a presente MO\u00c7\u00c3O DE PESAR \u00e0 Fam\u00edlia  Soares Gomes, pelo falecimento do Sargento Almindo Soares Gomes, conhecido carinhosamente como \u201cDoca\u201d, ocorrido no dia 23 de abril de 2018.","indexacao":"Mo\u00e7\u00e3o de pesar","observacao":"","resultado":"","texto_original":"http://sapl.piedadedepontenova.mg.leg.br/media/sapl/public/materialegislativa/2018/51/mocao_de_pesar_no_003.doc","data_ultima_atualizacao":"2018-04-25T14:22:27.997843-03:00","ip":"","ultima_edicao":null,"tipo":1,"regime_tramitacao":1,"tipo_origem_externa":null,"local_origem_externa":null,"user":null,"anexadas":[51],"autores":[5,4]}