{"id":518,"__str__":"Indica\u00e7\u00e3o n\u00ba 7 de 2025","link_detail_backend":"/materia/518","metadata":{},"numero":7,"ano":2025,"numero_protocolo":null,"data_apresentacao":"2025-02-06","tipo_apresentacao":"E","data_publicacao":null,"numero_origem_externa":"","ano_origem_externa":null,"data_origem_externa":null,"apelido":"","dias_prazo":null,"data_fim_prazo":null,"em_tramitacao":false,"polemica":false,"objeto":"","complementar":false,"ementa":"Indica\u00e7\u00e3o n\u00ba 07/2025\r\nO Vereador Municipal Rodrigo Cristino da Silva, ao final assinado, requer, no uso de suas atribui\u00e7\u00f5es legais, com fulcro nos arts. 181 e 182, ambos do regimento interno, e em conformidade com os interesses da comunidade, o envio da presente INDICA\u00c7\u00c3O ao Sr. Prefeito Municipal: \r\n\r\nIndica ao Poder Executivo Municipal a constru\u00e7\u00e3o de uma pra\u00e7a p\u00fablica, com uma \u00e1rea reservada para \u2018carga e descarga\u2019 em local p\u00fablico denominado Pra\u00e7a Dom Vi\u00e7oso,  com o objetivo de garantir um espa\u00e7o de lazer adequado, que atenda aos requisitos  de seguran\u00e7a e uso de pra\u00e7a p\u00fablica devidamente estruturada, melhorando o entorno do local com adequa\u00e7\u00e3o de gradil mais seguro e corrim\u00e3o quando se fizerem  necess\u00e1rios.","indexacao":"Indica\u00e7\u00e3o n\u00ba 07/2025\r\nO Vereador Municipal Rodrigo Cristino da Silva, ao final assinado, requer, no uso de suas atribui\u00e7\u00f5es legais, com fulcro nos arts. 181 e 182, ambos do regimento interno, e em conformidade com os interesses da comunidade, o envio da presente INDICA\u00c7\u00c3O ao Sr. Prefeito Municipal: \r\n\r\nIndica ao Poder Executivo Municipal a constru\u00e7\u00e3o de uma pra\u00e7a p\u00fablica, com uma \u00e1rea reservada para \u2018carga e descarga\u2019 em local p\u00fablico denominado Pra\u00e7a Dom Vi\u00e7oso,  com o objetivo de garantir um espa\u00e7o de lazer adequado, que atenda aos requisitos  de seguran\u00e7a e uso de pra\u00e7a p\u00fablica devidamente estruturada, melhorando o entorno do local com adequa\u00e7\u00e3o de gradil mais seguro e corrim\u00e3o quando se fizerem  necess\u00e1rios.","observacao":"","resultado":"","texto_original":null,"data_ultima_atualizacao":"2025-04-29T09:46:49.041312-03:00","ip":"170.83.71.36","ultima_edicao":"2025-02-10T15:56:24.299577-03:00","tipo":6,"regime_tramitacao":1,"tipo_origem_externa":null,"local_origem_externa":null,"user":1,"anexadas":[],"autores":[50]}