{"id":515,"__str__":"Indica\u00e7\u00e3o n\u00ba 5 de 2025","link_detail_backend":"/materia/515","metadata":{},"numero":5,"ano":2025,"numero_protocolo":null,"data_apresentacao":"2025-02-06","tipo_apresentacao":"E","data_publicacao":null,"numero_origem_externa":"","ano_origem_externa":null,"data_origem_externa":null,"apelido":"","dias_prazo":null,"data_fim_prazo":null,"em_tramitacao":false,"polemica":false,"objeto":"","complementar":false,"ementa":"INDICA\u00c7\u00c3O N\u00ba05/2025\r\n\tA vereadora Municipal Lucimeire de Souza Boroni Mayrink, no uso de suas atribui\u00e7\u00f5es legais, vem respeitosamente indicar \u00e0 Mesa Diretora que seja providenciado um p\u00falpito no plen\u00e1rio da C\u00e2mara Municipal, com o objetivo de auxiliar a leitura e apresenta\u00e7\u00e3o de ideias nas sess\u00f5es plen\u00e1rias.","indexacao":"INDICA\u00c7\u00c3O N\u00ba05/2025\r\n\tA vereadora Municipal Lucimeire de Souza Boroni Mayrink, no uso de suas atribui\u00e7\u00f5es legais, vem respeitosamente indicar \u00e0 Mesa Diretora que seja providenciado um p\u00falpito no plen\u00e1rio da C\u00e2mara Municipal, com o objetivo de auxiliar a leitura e apresenta\u00e7\u00e3o de ideias nas sess\u00f5es plen\u00e1rias.","observacao":"","resultado":"","texto_original":null,"data_ultima_atualizacao":"2025-04-28T11:13:10.820856-03:00","ip":"170.83.71.36","ultima_edicao":"2025-02-10T14:08:18.958549-03:00","tipo":6,"regime_tramitacao":1,"tipo_origem_externa":null,"local_origem_externa":null,"user":1,"anexadas":[],"autores":[48]}