{"id":513,"__str__":"Indica\u00e7\u00e3o n\u00ba 3 de 2025","link_detail_backend":"/materia/513","metadata":{},"numero":3,"ano":2025,"numero_protocolo":null,"data_apresentacao":"2025-02-05","tipo_apresentacao":"E","data_publicacao":null,"numero_origem_externa":"","ano_origem_externa":null,"data_origem_externa":null,"apelido":"","dias_prazo":null,"data_fim_prazo":null,"em_tramitacao":false,"polemica":false,"objeto":"","complementar":false,"ementa":"Indica\u00e7\u00e3o n\u00ba 003/2025 \u2013 Autoria dos Vereadores Municipais Ramon Vieira da Veiga, Osmar Firmino, Fl\u00e1vio Magalh\u00e3es da Cruz, Euclides Rodger Moreira da Veiga e Elvis Luciano Batista de Souza \u2013 indica ao Executivo Municipal a desinstala\u00e7\u00e3o da torre no bairro Cruzeiro, do terreno cedido pela Prefeitura Municipal de Piedade de Ponte Nova/MG, e constru\u00e7\u00e3o de um memorial com a denomina\u00e7\u00e3o \u2018Matheus Brumano\u2019,   para a conscientiza\u00e7\u00e3o da popula\u00e7\u00e3o sobre a import\u00e2ncia das a\u00e7\u00f5es p\u00fablicas na sa\u00fade mental e implementa\u00e7\u00e3o de a\u00e7\u00f5es neste sentido.","indexacao":"Indica\u00e7\u00e3o n\u00ba 003/2025 \u2013 Autoria dos Vereadores Municipais Ramon Vieira da Veiga, Osmar Firmino, Fl\u00e1vio Magalh\u00e3es da Cruz, Euclides Rodger Moreira da Veiga e Elvis Luciano Batista de Souza \u2013 indica ao Executivo Municipal a desinstala\u00e7\u00e3o da torre no bairro Cruzeiro, do terreno cedido pela Prefeitura Municipal de Piedade de Ponte Nova/MG, e constru\u00e7\u00e3o de um memorial com a denomina\u00e7\u00e3o \u2018Matheus Brumano\u2019,   para a conscientiza\u00e7\u00e3o da popula\u00e7\u00e3o sobre a import\u00e2ncia das a\u00e7\u00f5es p\u00fablicas na sa\u00fade mental e implementa\u00e7\u00e3o de a\u00e7\u00f5es neste sentido.","observacao":"","resultado":"","texto_original":null,"data_ultima_atualizacao":"2025-04-28T11:04:35.448314-03:00","ip":"143.202.52.173","ultima_edicao":"2025-02-05T14:51:09.507506-03:00","tipo":6,"regime_tramitacao":2,"tipo_origem_externa":null,"local_origem_externa":null,"user":1,"anexadas":[],"autores":[]}