{"id":503,"__str__":"Projeto de Lei Complementar n\u00ba 87 de 2025","link_detail_backend":"/materia/503","metadata":{},"numero":87,"ano":2025,"numero_protocolo":6,"data_apresentacao":"2025-01-23","tipo_apresentacao":"E","data_publicacao":null,"numero_origem_externa":"","ano_origem_externa":null,"data_origem_externa":null,"apelido":"","dias_prazo":null,"data_fim_prazo":null,"em_tramitacao":false,"polemica":false,"objeto":"","complementar":true,"ementa":"Projeto de Lei Complementar n\u00b0 ___ de 23 de janeiro de 2025.\r\nDisp\u00f5e sobre a transforma\u00e7\u00e3o e a cria\u00e7\u00e3o de cargos p\u00fablicos que espec\u00edfica e d\u00e1 outras provid\u00eancias.\r\n\r\nRenumerado para Projeto de Lei Complementar n\u00ba 087/2025","indexacao":"Cargo de M\u00e9dico Auxiliar Enfermagem cargo p\u00fablico fixa\u00e7\u00e3o de remunera\u00e7\u00e3o","observacao":"","resultado":"","texto_original":null,"data_ultima_atualizacao":"2025-04-10T16:31:51.565220-03:00","ip":"170.83.69.126","ultima_edicao":"2025-01-28T15:23:45.510265-03:00","tipo":16,"regime_tramitacao":2,"tipo_origem_externa":null,"local_origem_externa":null,"user":1,"anexadas":[],"autores":[1]}