{"id":485,"__str__":"Mo\u00e7\u00e3o de Apoio n\u00ba 1 de 2024","link_detail_backend":"/materia/485","metadata":{},"numero":1,"ano":2024,"numero_protocolo":null,"data_apresentacao":"2024-02-19","tipo_apresentacao":"E","data_publicacao":null,"numero_origem_externa":"","ano_origem_externa":null,"data_origem_externa":null,"apelido":"","dias_prazo":null,"data_fim_prazo":null,"em_tramitacao":false,"polemica":false,"objeto":"","complementar":false,"ementa":"MO\u00c7\u00c3O N\u00ba. 001/2023\r\n(Autoria: Vera. Ireni Gessi de Souza Martins) \r\n\r\nSenhor Presidente, \r\n\r\nRequeiro, nos termos regimentais, a aprova\u00e7\u00e3o, pelo Plen\u00e1rio desta Casa de Leis, de Mo\u00e7\u00e3o de Apoio, a delibera\u00e7\u00e3o da Proposta da Emenda Constitucional n\u00ba. 16/2023, que visa a altera\u00e7\u00e3o do art. 24 da Constitui\u00e7\u00e3o do Estado de Minas Gerias, com o escopo de valorizar os profissionais da \u00e1rea de Seguran\u00e7a P\u00fablica e proceder a revis\u00e3o anual da remunera\u00e7\u00e3o da Pol\u00edcia Militar, do Corpo de Bombeiros Militar, da Pol\u00edcia Civil, da Pol\u00edcia Penal, dos Agentes Socioeducativos e como forma de garantir o referido direito fazer constar expressamente na Lei de Diretrizes Or\u00e7ament\u00e1ria.","indexacao":"MO\u00c7\u00c3O N\u00ba. 001/2023\r\n\r\n(Autoria: Vera. Ireni Gessi de Souza Martins) \r\n\r\nSenhor Presidente, \r\n\r\nRequeiro, nos termos regimentais, a aprova\u00e7\u00e3o, pelo Plen\u00e1rio desta Casa de Leis, de Mo\u00e7\u00e3o de Apoio, a delibera\u00e7\u00e3o da Proposta da Emenda Constitucional n\u00ba. 16/2023, que visa a altera\u00e7\u00e3o do art. 24 da Constitui\u00e7\u00e3o do Estado de Minas Gerias, com o escopo de valorizar os profissionais da \u00e1rea de Seguran\u00e7a P\u00fablica e proceder a revis\u00e3o anual da remunera\u00e7\u00e3o da Pol\u00edcia Militar, do Corpo de Bombeiros Militar, da Pol\u00edcia Civil, da Pol\u00edcia Penal, dos Agentes Socioeducativos e como forma de garantir o referido direito fazer constar expressamente na Lei de Diretrizes Or\u00e7ament\u00e1ria.","observacao":"","resultado":"","texto_original":null,"data_ultima_atualizacao":"2024-02-26T14:07:51.249638-03:00","ip":"143.202.54.187","ultima_edicao":"2024-02-19T13:50:03.481198-03:00","tipo":19,"regime_tramitacao":1,"tipo_origem_externa":null,"local_origem_externa":null,"user":1,"anexadas":[],"autores":[9]}