{"id":479,"__str__":"Mo\u00e7\u00e3o de Pesar n\u00ba 7 de 2023","link_detail_backend":"/materia/479","metadata":{},"numero":7,"ano":2023,"numero_protocolo":null,"data_apresentacao":"2023-12-22","tipo_apresentacao":"E","data_publicacao":null,"numero_origem_externa":"","ano_origem_externa":null,"data_origem_externa":null,"apelido":"","dias_prazo":null,"data_fim_prazo":null,"em_tramitacao":false,"polemica":false,"objeto":"","complementar":false,"ementa":"Mo\u00e7\u00e3o de Pesar n\u00ba 007/2023\r\nOs Vereadores, que a presente subscrevem, com assento nesta Egr\u00e9gia Casa de Leis, v\u00eam atrav\u00e9s desta, ap\u00f3s ouvido o Plen\u00e1rio, manifestar sua solidariedade e encaminhar a presente MO\u00c7\u00c3O DE PESAR \u00e0 Fam\u00edlia, pelo falecimento do Sr. Jo\u00e3o Bosco da Silva,  ocorrido em 26 de Novembro de 2023.","indexacao":"Mo\u00e7\u00e3o de Pesar n\u00ba 007/2023\r\nOs Vereadores, que a presente subscrevem, com assento nesta Egr\u00e9gia Casa de Leis, v\u00eam atrav\u00e9s desta, ap\u00f3s ouvido o Plen\u00e1rio, manifestar sua solidariedade e encaminhar a presente MO\u00c7\u00c3O DE PESAR \u00e0 Fam\u00edlia, pelo falecimento do Sr. Jo\u00e3o Bosco da Silva,  ocorrido em 26 de Novembro de 2023.","observacao":"","resultado":"","texto_original":"http://sapl.piedadedepontenova.mg.leg.br/media/sapl/public/materialegislativa/2023/479/mocao_de_pesar_no_007_2023.docx","data_ultima_atualizacao":"2024-01-17T13:41:49.467665-03:00","ip":"170.83.71.138","ultima_edicao":"2023-12-22T14:06:24.622183-03:00","tipo":8,"regime_tramitacao":1,"tipo_origem_externa":null,"local_origem_externa":null,"user":1,"anexadas":[],"autores":[23]}