{"id":472,"__str__":"Mo\u00e7\u00e3o de Aplauso/Congratula\u00e7\u00f5es n\u00ba 12 de 2023","link_detail_backend":"/materia/472","metadata":{},"numero":12,"ano":2023,"numero_protocolo":null,"data_apresentacao":"2023-12-11","tipo_apresentacao":"O","data_publicacao":null,"numero_origem_externa":"","ano_origem_externa":null,"data_origem_externa":null,"apelido":"","dias_prazo":null,"data_fim_prazo":null,"em_tramitacao":false,"polemica":false,"objeto":"","complementar":false,"ementa":"O vereador abaixo assinado , vem por meio desta mo\u00e7\u00e3o expressar os mais calorosos aplausos \u00e0 extraordin\u00e1ria equipe sub-15 de nosso munic\u00edpio de Piedade de Ponte Nova. Composta por 25 jovens atletas de talento inigual\u00e1vel, sob a orienta\u00e7\u00e3o do t\u00e9cnico Cleisson Luis Gomes Viana, essa equipe alcan\u00e7ou a emocionante conquista de chegar \u00e0 final do Campeonato Regional do A\u00e7\u00facar nas Categorias de Base","indexacao":"","observacao":"","resultado":"","texto_original":"http://sapl.piedadedepontenova.mg.leg.br/media/sapl/public/materialegislativa/2023/472/mocao_de_aplausos_no12.docx","data_ultima_atualizacao":"2023-12-11T15:48:15.293320-03:00","ip":"143.202.53.119","ultima_edicao":"2023-12-11T15:46:05.232334-03:00","tipo":18,"regime_tramitacao":1,"tipo_origem_externa":null,"local_origem_externa":null,"user":1,"anexadas":[],"autores":[20]}