{"id":469,"__str__":"Projeto de Lei Complementar n\u00ba 79 de 2023","link_detail_backend":"/materia/469","metadata":{},"numero":79,"ano":2023,"numero_protocolo":25,"data_apresentacao":"2023-11-23","tipo_apresentacao":"E","data_publicacao":null,"numero_origem_externa":"","ano_origem_externa":null,"data_origem_externa":null,"apelido":"","dias_prazo":null,"data_fim_prazo":null,"em_tramitacao":false,"polemica":true,"objeto":"","complementar":false,"ementa":"Projeto de Lei Complementar n\u00ba 079 de 2023\r\nDisp\u00f5e sobre a institui\u00e7\u00e3o pol\u00edtica p\u00fablica de interesse social que especifica e d\u00e1 outras  provid\u00eancias.","indexacao":"Projeto de Lei Complementar n\u00ba 079 de 2023\r\nDisp\u00f5e sobre a institui\u00e7\u00e3o pol\u00edtica p\u00fablica de interesse social que especifica e d\u00e1 outras  provid\u00eancias.","observacao":"","resultado":"","texto_original":"http://sapl.piedadedepontenova.mg.leg.br/media/sapl/public/materialegislativa/2023/469/projeto_de_lei_complementar_no_79_de_2023.pdf","data_ultima_atualizacao":"2023-12-04T09:40:58.355291-03:00","ip":"170.83.70.248","ultima_edicao":"2023-11-28T14:24:35.234485-03:00","tipo":16,"regime_tramitacao":2,"tipo_origem_externa":null,"local_origem_externa":null,"user":1,"anexadas":[],"autores":[1]}