{"id":462,"__str__":"Mo\u00e7\u00e3o de Aplauso/Congratula\u00e7\u00f5es n\u00ba 8 de 2023","link_detail_backend":"/materia/462","metadata":{},"numero":8,"ano":2023,"numero_protocolo":null,"data_apresentacao":"2023-11-06","tipo_apresentacao":"","data_publicacao":null,"numero_origem_externa":"","ano_origem_externa":null,"data_origem_externa":null,"apelido":"","dias_prazo":null,"data_fim_prazo":null,"em_tramitacao":false,"polemica":false,"objeto":"","complementar":false,"ementa":"Mo\u00e7\u00e3o de Aplausos e Congratula\u00e7\u00f5es n\u00ba 008/2023\r\nAos Professores pelo 'Dia dos Professores', com extens\u00e3o aos trabalhadores da rede municipal e estadual de Ensino.","indexacao":"Mo\u00e7\u00e3o de Aplausos e Congratula\u00e7\u00f5es n\u00ba 008/2023\r\nAos Professores pelo 'Dia dos Professores', com extens\u00e3o aos trabalhadores da rede municipal e estadual de Ensino.","observacao":"","resultado":"","texto_original":"http://sapl.piedadedepontenova.mg.leg.br/media/sapl/public/materialegislativa/2023/462/mocao_de_aplausos___professores-_6-11-2023.docx","data_ultima_atualizacao":"2023-11-07T13:05:34.295818-03:00","ip":"170.83.71.59","ultima_edicao":"2023-11-06T14:23:56.854693-03:00","tipo":18,"regime_tramitacao":1,"tipo_origem_externa":null,"local_origem_externa":null,"user":1,"anexadas":[],"autores":[21,23]}