{"id":459,"__str__":"Mo\u00e7\u00e3o de Apoio n\u00ba 1 de 2023","link_detail_backend":"/materia/459","metadata":{},"numero":1,"ano":2023,"numero_protocolo":null,"data_apresentacao":"2023-09-25","tipo_apresentacao":"E","data_publicacao":null,"numero_origem_externa":"","ano_origem_externa":null,"data_origem_externa":null,"apelido":"","dias_prazo":null,"data_fim_prazo":null,"em_tramitacao":false,"polemica":false,"objeto":"","complementar":false,"ementa":"MO\u00c7\u00c3O N\u00ba. 007/2023\r\n(Autoria: Vera. Ireni Gessi de Souza Martins) \r\n\r\nSenhor Presidente, \r\n\r\nRequeiro, nos termos regimentais, a aprova\u00e7\u00e3o, pelo Plen\u00e1rio desta Casa de Leis, de Mo\u00e7\u00e3o de Apoio, aos Ilustr\u00edssimos Srs. Presidentes da C\u00e2mara de Deputados, Arthur Lira, e do Senado Federal, Rodrigo Ot\u00e1vio Soares Pacheco, em face da tentativa de legaliza\u00e7\u00e3o do aborto por meio da ADPF n\u00ba. 442, a fim de garantir as prerrogativas constitucionais e republicanas das compet\u00eancias do Poder Legislativo e de se evitar um poss\u00edvel ativismo judicial por parte do Supremo Tribunal Federal.","indexacao":"MO\u00c7\u00c3O N\u00ba. 007/2023\r\n(Autoria: Vera. Ireni Gessi de Souza Martins) \r\nSenhor Presidente, \r\n\r\nRequeiro, nos termos regimentais, a aprova\u00e7\u00e3o, pelo Plen\u00e1rio desta Casa de Leis, de Mo\u00e7\u00e3o de Apoio, aos Ilustr\u00edssimos Srs. Presidentes da C\u00e2mara de Deputados, Arthur Lira, e do Senado Federal, Rodrigo Ot\u00e1vio Soares Pacheco, em face da tentativa de legaliza\u00e7\u00e3o do aborto por meio da ADPF n\u00ba. 442, a fim de garantir as prerrogativas constitucionais e republicanas das compet\u00eancias do Poder Legislativo e de se evitar um poss\u00edvel ativismo judicial por parte do Supremo Tribunal Federal.","observacao":"","resultado":"","texto_original":"http://sapl.piedadedepontenova.mg.leg.br/media/sapl/public/materialegislativa/2023/459/mocao_de_apoio___descriminalizacao_do_aborto.docx","data_ultima_atualizacao":"2023-09-27T10:38:47.278301-03:00","ip":"143.202.55.65","ultima_edicao":"2023-09-25T15:27:58.956528-03:00","tipo":19,"regime_tramitacao":1,"tipo_origem_externa":null,"local_origem_externa":null,"user":1,"anexadas":[],"autores":[9]}