{"id":457,"__str__":"Projeto de Lei Complementar n\u00ba 76 de 2023","link_detail_backend":"/materia/457","metadata":{},"numero":76,"ano":2023,"numero_protocolo":null,"data_apresentacao":"2023-09-14","tipo_apresentacao":"E","data_publicacao":null,"numero_origem_externa":"","ano_origem_externa":null,"data_origem_externa":null,"apelido":"","dias_prazo":null,"data_fim_prazo":null,"em_tramitacao":false,"polemica":false,"objeto":"","complementar":false,"ementa":"Projeto de Lei complementar n\u00b0 76 de 14 de setembro de 2023.\r\n\u201cDisp\u00f5e sobre a cria\u00e7\u00e3o de cargo p\u00fablico que espec\u00edfica e d\u00e1 outras provid\u00eancias.\u201d","indexacao":"Projeto de Lei complementar n\u00b076 de 14 de setembro de 2023.\r\n\u201cDisp\u00f5e sobre a cria\u00e7\u00e3o de cargo p\u00fablico que espec\u00edfica e d\u00e1 outras provid\u00eancias.\u201d","observacao":"","resultado":"","texto_original":"http://sapl.piedadedepontenova.mg.leg.br/media/sapl/public/materialegislativa/2023/457/criar_cargo_-_saude_-_piedde_de_ponte_nova_mensagem.docx","data_ultima_atualizacao":"2023-09-27T10:36:13.737598-03:00","ip":"170.83.71.71","ultima_edicao":"2023-09-20T15:20:25.645801-03:00","tipo":16,"regime_tramitacao":2,"tipo_origem_externa":null,"local_origem_externa":null,"user":1,"anexadas":[],"autores":[1]}