{"id":448,"__str__":"Mo\u00e7\u00e3o de Pesar n\u00ba 5 de 2023","link_detail_backend":"/materia/448","metadata":{},"numero":5,"ano":2023,"numero_protocolo":null,"data_apresentacao":"2023-06-19","tipo_apresentacao":"E","data_publicacao":null,"numero_origem_externa":"","ano_origem_externa":null,"data_origem_externa":null,"apelido":"","dias_prazo":null,"data_fim_prazo":null,"em_tramitacao":false,"polemica":false,"objeto":"","complementar":false,"ementa":"Mo\u00e7\u00e3o de Pesar n\u00ba 005/2023\r\nOs Vereadores, que a presente subscrevem, com assento nesta Egr\u00e9gia Casa de Leis, v\u00eam atrav\u00e9s desta, ap\u00f3s ouvido o Plen\u00e1rio, manifestar sua solidariedade e encaminhar a presente MO\u00c7\u00c3O DE PESAR \u00e0 Fam\u00edlia, pelo falecimento do Sr. Jos\u00e9 Proc\u00f3pio Moraes  ocorrido em 21 de maio de 2023.","indexacao":"Mo\u00e7\u00e3o de Pesar n\u00ba 005/2023\r\nOs Vereadores, que a presente subscrevem, com assento nesta Egr\u00e9gia Casa de Leis, v\u00eam atrav\u00e9s desta, ap\u00f3s ouvido o Plen\u00e1rio, manifestar sua solidariedade e encaminhar a presente MO\u00c7\u00c3O DE PESAR \u00e0 Fam\u00edlia, pelo falecimento do Sr. Jos\u00e9 Proc\u00f3pio Moraes  ocorrido em 21 de maio de 2023.","observacao":"","resultado":"","texto_original":null,"data_ultima_atualizacao":"2023-06-20T14:24:37.832858-03:00","ip":"170.83.71.62","ultima_edicao":"2023-06-19T15:41:23.582869-03:00","tipo":8,"regime_tramitacao":1,"tipo_origem_externa":null,"local_origem_externa":null,"user":1,"anexadas":[],"autores":[21]}