{"id":416,"__str__":"Projeto de Resolu\u00e7\u00e3o n\u00ba 1 de 2023","link_detail_backend":"/materia/416","metadata":{},"numero":1,"ano":2023,"numero_protocolo":null,"data_apresentacao":"2023-02-06","tipo_apresentacao":"O","data_publicacao":null,"numero_origem_externa":"","ano_origem_externa":null,"data_origem_externa":null,"apelido":"","dias_prazo":null,"data_fim_prazo":null,"em_tramitacao":false,"polemica":false,"objeto":"","complementar":false,"ementa":"PROJETO DE RESOLU\u00c7\u00c3O N\u00ba. 001/2023 de 31 de janeiro de 2023. \u201cAltera para segunda feira o dia das reuni\u00f5es ordin\u00e1rias da C\u00e2mara Municipal de Piedade de Ponte Nova e d\u00e1 outras provid\u00eancias.\u201d","indexacao":"PROJETO DE RESOLU\u00c7\u00c3O N\u00ba. 001/2023 de 31 de janeiro de 2023. \u201cAltera para segunda feira o dia das reuni\u00f5es ordin\u00e1rias da C\u00e2mara Municipal de Piedade de Ponte Nova e d\u00e1 outras provid\u00eancias.\u201d","observacao":"","resultado":"","texto_original":"http://sapl.piedadedepontenova.mg.leg.br/media/sapl/public/materialegislativa/2023/416/renato-projeto_de_resolucao-01_de_2023.pdf","data_ultima_atualizacao":"2024-08-20T10:21:56.599026-03:00","ip":"170.83.71.211","ultima_edicao":"2024-08-20T10:21:56.168574-03:00","tipo":11,"regime_tramitacao":2,"tipo_origem_externa":null,"local_origem_externa":null,"user":1,"anexadas":[],"autores":[22]}