{"id":408,"__str__":"Mo\u00e7\u00e3o de Aplauso/Congratula\u00e7\u00f5es n\u00ba 3 de 2022","link_detail_backend":"/materia/408","metadata":{},"numero":3,"ano":2022,"numero_protocolo":null,"data_apresentacao":"2022-12-06","tipo_apresentacao":"E","data_publicacao":null,"numero_origem_externa":"","ano_origem_externa":null,"data_origem_externa":null,"apelido":"","dias_prazo":null,"data_fim_prazo":null,"em_tramitacao":false,"polemica":false,"objeto":"","complementar":false,"ementa":"MO\u00c7\u00c3O DE APLAUSOS E REGOZIJO  N\u00ba 003/2022\r\n \r\n\u201dMO\u00c7\u00c3O DE APLAUSOS E REGOZIJO \u00c0 EQUIPE UNI\u00c3O PIEDADENSE FUTEBOL CLUBE DE PIEDADE DE PONTE NOVA/MG  PELA PARTICIPA\u00c7\u00c3O NO EVENTO REGIONAL DO A\u00c7\u00daCAR DE CATEGORIAS DE BASE\u2019\u2019   em  2022.","indexacao":"MO\u00c7\u00c3O DE APLAUSOS E REGOZIJO  N\u00ba 003/2022\r\n \r\n\u201dMO\u00c7\u00c3O DE APLAUSOS E REGOZIJO \u00c0 EQUIPE UNI\u00c3O PIEDADENSE FUTEBOL CLUBE DE PIEDADE DE PONTE NOVA/MG  PELA PARTICIPA\u00c7\u00c3O NO EVENTO REGIONAL DO A\u00c7\u00daCAR DE CATEGORIAS DE BASE\u2019\u2019   em  2022.","observacao":"","resultado":"","texto_original":null,"data_ultima_atualizacao":"2022-11-29T14:40:16.650957-03:00","ip":"170.83.70.122","ultima_edicao":"2022-11-29T14:38:22.304072-03:00","tipo":18,"regime_tramitacao":1,"tipo_origem_externa":null,"local_origem_externa":null,"user":1,"anexadas":[],"autores":[11]}