{"id":401,"__str__":"Mo\u00e7\u00e3o de Pesar n\u00ba 13 de 2022","link_detail_backend":"/materia/401","metadata":{},"numero":13,"ano":2022,"numero_protocolo":null,"data_apresentacao":"2022-10-04","tipo_apresentacao":"E","data_publicacao":null,"numero_origem_externa":"","ano_origem_externa":null,"data_origem_externa":null,"apelido":"","dias_prazo":null,"data_fim_prazo":null,"em_tramitacao":false,"polemica":false,"objeto":"","complementar":false,"ementa":"Mo\u00e7\u00e3o de Pesar n\u00ba 013/2021\r\nOs Vereadores, que a presente subscrevem, com assento nesta Egr\u00e9gia Casa de Leis, v\u00eam atrav\u00e9s desta, ap\u00f3s ouvido o Plen\u00e1rio, manifestar sua solidariedade e encaminhar a presente MO\u00c7\u00c3O DE PESAR \u00e0 Fam\u00edlia, pelo falecimento do  Sr. \tRODRIGO VIANA RABELLO  ocorrido em 13 de Setembro de 2021.","indexacao":"Mo\u00e7\u00e3o de Pesar n\u00ba 013/2021\r\nOs Vereadores, que a presente subscrevem, com assento nesta Egr\u00e9gia Casa de Leis, v\u00eam atrav\u00e9s desta, ap\u00f3s ouvido o Plen\u00e1rio, manifestar sua solidariedade e encaminhar a presente MO\u00c7\u00c3O DE PESAR \u00e0 Fam\u00edlia, pelo falecimento do  Sr. \tRODRIGO VIANA RABELLO  ocorrido em 13 de Setembro de 2021.","observacao":"","resultado":"","texto_original":"http://sapl.piedadedepontenova.mg.leg.br/media/sapl/public/materialegislativa/2022/401/mocao_de_pesar_no_013_-_rodrigo.docx","data_ultima_atualizacao":"2022-11-18T13:22:36.178144-03:00","ip":"143.202.55.156","ultima_edicao":"2022-10-04T13:22:50.310469-03:00","tipo":8,"regime_tramitacao":1,"tipo_origem_externa":null,"local_origem_externa":null,"user":1,"anexadas":[],"autores":[9]}